
{"id":110101,"date":"2023-05-27T21:39:42","date_gmt":"2023-05-28T00:39:42","guid":{"rendered":"https:\/\/www.sudoestehoje.com.br\/novoportal\/?p=110101"},"modified":"2023-05-27T21:39:42","modified_gmt":"2023-05-28T00:39:42","slug":"no-programa-de-ze-elias-davi-ferraz-diz-que-o-pt-de-itapetinga-nao-tem-forca-com-o-governo-do-estado-e-so-atrapalha","status":"publish","type":"post","link":"https:\/\/www.sudoestehoje.com.br\/novoportal\/2023\/05\/27\/no-programa-de-ze-elias-davi-ferraz-diz-que-o-pt-de-itapetinga-nao-tem-forca-com-o-governo-do-estado-e-so-atrapalha\/","title":{"rendered":"NO PROGRAMA DE Z\u00c9 ELIAS, DAVI FERRAZ DIZ QUE &#8220;O PT DE ITAPETINGA N\u00c3O TEM FOR\u00c7A COM O GOVERNO DO ESTADO E S\u00d3 ATRAPALHA&#8221;"},"content":{"rendered":"<p><a href=\"https:\/\/www.sudoestehoje.com.br\/novoportal\/wp-content\/uploads\/2023\/05\/36772fa4-83ac-479c-99de-be53bef7d488.jpg\"><img loading=\"lazy\" decoding=\"async\" class=\"aligncenter  wp-image-110106\" src=\"https:\/\/www.sudoestehoje.com.br\/novoportal\/wp-content\/uploads\/2023\/05\/36772fa4-83ac-479c-99de-be53bef7d488-600x364.jpg\" alt=\"\" width=\"551\" height=\"334\" srcset=\"https:\/\/www.sudoestehoje.com.br\/novoportal\/wp-content\/uploads\/2023\/05\/36772fa4-83ac-479c-99de-be53bef7d488-600x364.jpg 600w, https:\/\/www.sudoestehoje.com.br\/novoportal\/wp-content\/uploads\/2023\/05\/36772fa4-83ac-479c-99de-be53bef7d488-700x425.jpg 700w, https:\/\/www.sudoestehoje.com.br\/novoportal\/wp-content\/uploads\/2023\/05\/36772fa4-83ac-479c-99de-be53bef7d488-768x466.jpg 768w, https:\/\/www.sudoestehoje.com.br\/novoportal\/wp-content\/uploads\/2023\/05\/36772fa4-83ac-479c-99de-be53bef7d488.jpg 1407w\" sizes=\"auto, (max-width: 551px) 100vw, 551px\" \/><\/a><\/p>\n<p><strong>Neste s\u00e1bado, o pr\u00e9-candidato a prefeito de Itapetinga, Davi Ferraz, foi entrevistado no prestigiado programa &#8216;Na Boca do Povo Especial&#8217;, do comunicador Jos\u00e9 Elias, na R\u00e1dio Fascina\u00e7\u00e3o.<\/strong><\/p>\n<p><strong>Davi falou sobre a sua pr\u00e9-candidatura, mas, no seu estilo, criticou a oposi\u00e7\u00e3o local, formada por petistas e outras lideran\u00e7as da base do governo estadual na cidade. <em>&#8220;S\u00f3 atrapalham e n\u00e3o t\u00eam for\u00e7a com o governo do estado&#8221;<\/em>, comentou o pr\u00e9-candidato.<\/strong><\/p>\n<p><strong>AUS\u00caNCIA DE JER\u00d4NIMO NA EXPOSI\u00c7\u00c3O FOI FALTA DE PREST\u00cdGIO<\/strong><\/p>\n<p><strong>Nas suas cr\u00edticas aos governistas, Davi Ferrraz questionou a aus\u00eancia do governador Jer\u00f4nimo na 51\u00aa Exposi\u00e7\u00e3o Agropecu\u00e1ria, sem qualquer justificativa.<em> &#8220;Na mesma semana, Jer\u00f4nimo foi \u00e0 exposi\u00e7\u00e3o de Jequi\u00e9 e na Festa do Divino, em Po\u00e7\u00f5es, virando a cara para Itapetinga, sem dar satisfa\u00e7\u00e3o aos seus correligion\u00e1rios&#8221;<\/em>, comentou.<\/strong><\/p>\n<p><strong>PETISTAS S\u00d3 ATRAPALHAM E PERSEGUEM ITAPETINGA<\/strong><\/p>\n<p><strong><em>&#8220;Nem as obras do governo em Itapetinga foram entregues \u00e0 popula\u00e7\u00e3o, como o Complexo Esportivo e Gin\u00e1sio de Esportes, prontos ao quase um ano, que continuam fechados&#8221;, disse Davi.<\/em><\/strong><\/p>\n<p><strong>Davi ainda comentou o &#8216;oba, oba&#8217; dos petistas, sobre um suposto &#8220;investimento pesado&#8221; do governo nas elei\u00e7\u00f5es para prefeito: <em>&#8220;Governo n\u00e3o faz pol\u00edtica mais pol\u00edtica no interior com &#8216;mala de dinheiro&#8217;, mas sim com realiza\u00e7\u00f5es. Em Itapetinga, o governo n\u00e3o tem nada para mostrar e os seus seguidores s\u00f3 atrapalham, impedindo investimentos na cidade, por ci\u00fame pol\u00edtico. \u00c9 um verdadeiro tiro no p\u00e9 e vamos cobrar isto nas elei\u00e7\u00f5es. Para o governo, Itapetinga n\u00e3o est\u00e1 entre as cidades priorit\u00e1rias, nunca esteve&#8221;.<\/em><\/strong><\/p>\n<p><strong>PR\u00c9-CANDIDATURAS DA BASE<\/strong><\/p>\n<p><strong>Sobre os atuais pr\u00e9-candidatos da base, Davi comentou ser\u00e3o avaliadas pelo grupo do prefeito Rodrigo Hagge e que novas op\u00e7\u00f5es podem surgir, no decorrer do processo. <em>&#8220;O grupo \u00e9 unido e estaremos juntos, sem quaisquer diverg\u00eancias, em pr\u00f3 de um candidatura forte. N\u00e3o h\u00e1 espa\u00e7o para projetos pessoais&#8221;, finalizou Davi.<\/em><\/strong><\/p>\n<p><em><strong>Reda\u00e7\u00e3o<\/strong><\/em><\/p>\n","protected":false},"excerpt":{"rendered":"<p>Neste s\u00e1bado, o pr\u00e9-candidato a prefeito de Itapetinga, Davi Ferraz, foi entrevistado no prestigiado programa &#8216;Na Boca do Povo Especial&#8217;, do comunicador Jos\u00e9 Elias, na R\u00e1dio Fascina\u00e7\u00e3o. Davi falou sobre a sua pr\u00e9-candidatura, mas, no seu estilo, criticou a oposi\u00e7\u00e3o local, formada por petistas e outras lideran\u00e7as da base do governo estadual na cidade. &#8220;S\u00f3 [&hellip;]<\/p>\n","protected":false},"author":2,"featured_media":110106,"comment_status":"closed","ping_status":"open","sticky":false,"template":"","format":"standard","meta":{"footnotes":"","_links_to":"","_links_to_target":""},"categories":[1],"tags":[],"class_list":["post-110101","post","type-post","status-publish","format-standard","has-post-thumbnail","hentry","category-geral"],"views":880,"_links":{"self":[{"href":"https:\/\/www.sudoestehoje.com.br\/novoportal\/wp-json\/wp\/v2\/posts\/110101","targetHints":{"allow":["GET"]}}],"collection":[{"href":"https:\/\/www.sudoestehoje.com.br\/novoportal\/wp-json\/wp\/v2\/posts"}],"about":[{"href":"https:\/\/www.sudoestehoje.com.br\/novoportal\/wp-json\/wp\/v2\/types\/post"}],"author":[{"embeddable":true,"href":"https:\/\/www.sudoestehoje.com.br\/novoportal\/wp-json\/wp\/v2\/users\/2"}],"replies":[{"embeddable":true,"href":"https:\/\/www.sudoestehoje.com.br\/novoportal\/wp-json\/wp\/v2\/comments?post=110101"}],"version-history":[{"count":5,"href":"https:\/\/www.sudoestehoje.com.br\/novoportal\/wp-json\/wp\/v2\/posts\/110101\/revisions"}],"predecessor-version":[{"id":110107,"href":"https:\/\/www.sudoestehoje.com.br\/novoportal\/wp-json\/wp\/v2\/posts\/110101\/revisions\/110107"}],"wp:featuredmedia":[{"embeddable":true,"href":"https:\/\/www.sudoestehoje.com.br\/novoportal\/wp-json\/wp\/v2\/media\/110106"}],"wp:attachment":[{"href":"https:\/\/www.sudoestehoje.com.br\/novoportal\/wp-json\/wp\/v2\/media?parent=110101"}],"wp:term":[{"taxonomy":"category","embeddable":true,"href":"https:\/\/www.sudoestehoje.com.br\/novoportal\/wp-json\/wp\/v2\/categories?post=110101"},{"taxonomy":"post_tag","embeddable":true,"href":"https:\/\/www.sudoestehoje.com.br\/novoportal\/wp-json\/wp\/v2\/tags?post=110101"}],"curies":[{"name":"wp","href":"https:\/\/api.w.org\/{rel}","templated":true}]}}