
{"id":110069,"date":"2023-05-25T00:38:41","date_gmt":"2023-05-25T03:38:41","guid":{"rendered":"https:\/\/www.sudoestehoje.com.br\/novoportal\/?p=110069"},"modified":"2023-05-25T00:38:41","modified_gmt":"2023-05-25T03:38:41","slug":"bahia-esta-entre-os-estados-com-maior-numero-de-pessoas-em-extrema-pobreza","status":"publish","type":"post","link":"https:\/\/www.sudoestehoje.com.br\/novoportal\/2023\/05\/25\/bahia-esta-entre-os-estados-com-maior-numero-de-pessoas-em-extrema-pobreza\/","title":{"rendered":"BAHIA EST\u00c1 ENTRE OS ESTADOS COM MAIOR N\u00daMERO DE PESSOAS EM EXTREMA POBREZA"},"content":{"rendered":"<p><a href=\"https:\/\/www.sudoestehoje.com.br\/novoportal\/wp-content\/uploads\/2023\/05\/extrema-pobreza.webp\"><img loading=\"lazy\" decoding=\"async\" class=\"aligncenter  wp-image-110071\" src=\"https:\/\/www.sudoestehoje.com.br\/novoportal\/wp-content\/uploads\/2023\/05\/extrema-pobreza-600x360.webp\" alt=\"\" width=\"550\" height=\"330\" srcset=\"https:\/\/www.sudoestehoje.com.br\/novoportal\/wp-content\/uploads\/2023\/05\/extrema-pobreza-600x360.webp 600w, https:\/\/www.sudoestehoje.com.br\/novoportal\/wp-content\/uploads\/2023\/05\/extrema-pobreza-700x420.webp 700w, https:\/\/www.sudoestehoje.com.br\/novoportal\/wp-content\/uploads\/2023\/05\/extrema-pobreza-768x461.webp 768w, https:\/\/www.sudoestehoje.com.br\/novoportal\/wp-content\/uploads\/2023\/05\/extrema-pobreza.webp 1200w\" sizes=\"auto, (max-width: 550px) 100vw, 550px\" \/><\/a><\/p>\n<p><strong>A Bahia \u00e9 um dos nove estados do Brasil em que a maioria da popula\u00e7\u00e3o se encontra em situa\u00e7\u00e3o de pobreza, ou seja, vivendo com uma renda mensal de at\u00e9 R$ 665,02.<\/strong><\/p>\n<p><strong>Essa constata\u00e7\u00e3o \u00e9 resultado de um levantamento realizado pelo Instituto Jones dos Santos Neves (IJSN), vinculado \u00e0 Secretaria de Estado de Economia e Planejamento (SEP) do Esp\u00edrito Santo. Os dados utilizados s\u00e3o provenientes da Pesquisa Nacional por Amostra de Domic\u00edlios (PNAD), do IBGE, referentes a 2022 e foram divulgados pelo G1.<\/strong><\/p>\n<p><strong>Das 27 unidades da federa\u00e7\u00e3o, 9 t\u00eam a maior parte da popula\u00e7\u00e3o composta por pessoas em situa\u00e7\u00e3o de pobreza. Propor\u00e7\u00e3o da popula\u00e7\u00e3o que vive abaixo da linha de pobreza:<\/strong><\/p>\n<ul>\n<li><strong>Maranh\u00e3o: 58,9%<\/strong><\/li>\n<li><strong>Amazonas: 56,7%<\/strong><\/li>\n<li><strong>Alagoas: 56,2%<\/strong><\/li>\n<li><strong>Para\u00edba: 54,6%<\/strong><\/li>\n<li><strong>Cear\u00e1: 53,4%<\/strong><\/li>\n<li><strong>Pernambuco: 53,2%<\/strong><\/li>\n<li><strong>Acre: 52,9%<\/strong><\/li>\n<li><strong>Bahia: 51,6%<\/strong><\/li>\n<li><strong>Piau\u00ed: 50,4%<\/strong><\/li>\n<li><strong>Amap\u00e1: 49,4%<\/strong><\/li>\n<li><strong>Par\u00e1: 49,1%<\/strong><\/li>\n<li><strong>Sergipe: 47,9%<\/strong><\/li>\n<li><strong>Roraima: 46,8%<\/strong><\/li>\n<li><strong>Rio Grande do Norte: 46,2%<\/strong><\/li>\n<li><strong>Tocantins: 35,8%<\/strong><\/li>\n<li><strong>Rond\u00f4nia: 31,1%<\/strong><\/li>\n<li><strong>Rio de Janeiro: 29,1%<\/strong><\/li>\n<li><strong>Minas Gerais: 27,5%<\/strong><\/li>\n<li><strong>Esp\u00edrito Santo: 26,8%<\/strong><\/li>\n<li><strong>Goi\u00e1s: 24%<\/strong><\/li>\n<li><strong>Mato Grosso: 23,3%<\/strong><\/li>\n<li><strong>Mato Grosso do Sul: 23%<\/strong><\/li>\n<li><strong>Paran\u00e1: 21,3%<\/strong><\/li>\n<li><strong>S\u00e3o Paulo: 20,4%<\/strong><\/li>\n<li><strong>Rio Grande do Sul: 18,2%<\/strong><\/li>\n<li><strong>Distrito Federal: 17,3%<\/strong><\/li>\n<li><strong>Santa Catarina: 13,9%<\/strong><\/li>\n<\/ul>\n<p><strong>O levantamento tamb\u00e9m revela que a taxa de pobreza no Brasil reduziu de 38,2% para 33% entre 2021 e 2022, aproximando-se do n\u00edvel de 2020. No entanto, mesmo com essa diminui\u00e7\u00e3o, o n\u00famero de pessoas vivendo em condi\u00e7\u00f5es prec\u00e1rias ainda \u00e9 alto, totalizando 70,7 milh\u00f5es de brasileiros, em compara\u00e7\u00e3o aos 81,2 milh\u00f5es registrados em 2021.<\/strong><\/p>\n","protected":false},"excerpt":{"rendered":"<p>A Bahia \u00e9 um dos nove estados do Brasil em que a maioria da popula\u00e7\u00e3o se encontra em situa\u00e7\u00e3o de pobreza, ou seja, vivendo com uma renda mensal de at\u00e9 R$ 665,02. Essa constata\u00e7\u00e3o \u00e9 resultado de um levantamento realizado pelo Instituto Jones dos Santos Neves (IJSN), vinculado \u00e0 Secretaria de Estado de Economia e [&hellip;]<\/p>\n","protected":false},"author":2,"featured_media":110071,"comment_status":"closed","ping_status":"open","sticky":false,"template":"","format":"standard","meta":{"footnotes":"","_links_to":"","_links_to_target":""},"categories":[1],"tags":[],"class_list":["post-110069","post","type-post","status-publish","format-standard","has-post-thumbnail","hentry","category-geral"],"views":921,"_links":{"self":[{"href":"https:\/\/www.sudoestehoje.com.br\/novoportal\/wp-json\/wp\/v2\/posts\/110069","targetHints":{"allow":["GET"]}}],"collection":[{"href":"https:\/\/www.sudoestehoje.com.br\/novoportal\/wp-json\/wp\/v2\/posts"}],"about":[{"href":"https:\/\/www.sudoestehoje.com.br\/novoportal\/wp-json\/wp\/v2\/types\/post"}],"author":[{"embeddable":true,"href":"https:\/\/www.sudoestehoje.com.br\/novoportal\/wp-json\/wp\/v2\/users\/2"}],"replies":[{"embeddable":true,"href":"https:\/\/www.sudoestehoje.com.br\/novoportal\/wp-json\/wp\/v2\/comments?post=110069"}],"version-history":[{"count":2,"href":"https:\/\/www.sudoestehoje.com.br\/novoportal\/wp-json\/wp\/v2\/posts\/110069\/revisions"}],"predecessor-version":[{"id":110072,"href":"https:\/\/www.sudoestehoje.com.br\/novoportal\/wp-json\/wp\/v2\/posts\/110069\/revisions\/110072"}],"wp:featuredmedia":[{"embeddable":true,"href":"https:\/\/www.sudoestehoje.com.br\/novoportal\/wp-json\/wp\/v2\/media\/110071"}],"wp:attachment":[{"href":"https:\/\/www.sudoestehoje.com.br\/novoportal\/wp-json\/wp\/v2\/media?parent=110069"}],"wp:term":[{"taxonomy":"category","embeddable":true,"href":"https:\/\/www.sudoestehoje.com.br\/novoportal\/wp-json\/wp\/v2\/categories?post=110069"},{"taxonomy":"post_tag","embeddable":true,"href":"https:\/\/www.sudoestehoje.com.br\/novoportal\/wp-json\/wp\/v2\/tags?post=110069"}],"curies":[{"name":"wp","href":"https:\/\/api.w.org\/{rel}","templated":true}]}}