
{"id":110065,"date":"2023-05-25T00:21:30","date_gmt":"2023-05-25T03:21:30","guid":{"rendered":"https:\/\/www.sudoestehoje.com.br\/novoportal\/?p=110065"},"modified":"2023-05-25T00:21:30","modified_gmt":"2023-05-25T03:21:30","slug":"cantora-tina-turner-a-rainha-do-rock-end-roll-morre-aos-83-anos","status":"publish","type":"post","link":"https:\/\/www.sudoestehoje.com.br\/novoportal\/2023\/05\/25\/cantora-tina-turner-a-rainha-do-rock-end-roll-morre-aos-83-anos\/","title":{"rendered":"CANTORA TINA TURNER, A &#8216;RAINHA DO ROCK END ROLL&#8217;, MORRE AOS 83 ANOS"},"content":{"rendered":"<p><a href=\"https:\/\/www.sudoestehoje.com.br\/novoportal\/wp-content\/uploads\/2023\/05\/a-lendaria-cantora-norte-americana-tina-turner-foto-reproducao-1616960187732_v2_900x506.jpg\"><img loading=\"lazy\" decoding=\"async\" class=\"aligncenter  wp-image-110067\" src=\"https:\/\/www.sudoestehoje.com.br\/novoportal\/wp-content\/uploads\/2023\/05\/a-lendaria-cantora-norte-americana-tina-turner-foto-reproducao-1616960187732_v2_900x506-600x337.jpg\" alt=\"\" width=\"550\" height=\"309\" srcset=\"https:\/\/www.sudoestehoje.com.br\/novoportal\/wp-content\/uploads\/2023\/05\/a-lendaria-cantora-norte-americana-tina-turner-foto-reproducao-1616960187732_v2_900x506-600x337.jpg 600w, https:\/\/www.sudoestehoje.com.br\/novoportal\/wp-content\/uploads\/2023\/05\/a-lendaria-cantora-norte-americana-tina-turner-foto-reproducao-1616960187732_v2_900x506-700x394.jpg 700w, https:\/\/www.sudoestehoje.com.br\/novoportal\/wp-content\/uploads\/2023\/05\/a-lendaria-cantora-norte-americana-tina-turner-foto-reproducao-1616960187732_v2_900x506-768x432.jpg 768w, https:\/\/www.sudoestehoje.com.br\/novoportal\/wp-content\/uploads\/2023\/05\/a-lendaria-cantora-norte-americana-tina-turner-foto-reproducao-1616960187732_v2_900x506.jpg 900w\" sizes=\"auto, (max-width: 550px) 100vw, 550px\" \/><\/a><\/p>\n<p><strong>Tina Turner, a ic\u00f4nica cantora de rock e soul que emergiu de origens humildes e superou um casamento notoriamente abusivo para se tornar uma das artistas femininas mais populares de todos os tempos, faleceu aos 83 anos.<\/strong><\/p>\n<p><strong>De acordo com um representante de Tina, ela faleceu \u201cpacificamente ap\u00f3s uma longa doen\u00e7a\u201d em sua resid\u00eancia em K\u00fcsnacht, perto de Zurique, na Su\u00ed\u00e7a, nesta quarta-feira (24), conforme informado \u00e0 Reuters.<\/strong><\/p>\n<p><strong>A not\u00edcia do falecimento de Tina Turner entristece seus in\u00fameros f\u00e3s ao redor do mundo, que admiraram sua voz poderosa, sua energia no palco e sua hist\u00f3ria inspiradora de supera\u00e7\u00e3o. Seu legado musical e seu impacto na ind\u00fastria da m\u00fasica permanecer\u00e3o como um testemunho de sua grandeza art\u00edstica e resili\u00eancia pessoal.<\/strong><\/p>\n<blockquote><p><strong><em>\u201c\u00c9 com grande tristeza que anunciamos o falecimento de Tina Turner. Com sua m\u00fasica e sua paix\u00e3o sem limites pela vida, ela encantou milh\u00f5es de f\u00e3s ao redor do mundo e inspirou as estrelas do amanh\u00e3\u201d<\/em>, escreveu comunicado publicado nas redes sociais oficiais de Tina.<\/strong><\/p><\/blockquote>\n","protected":false},"excerpt":{"rendered":"<p>Tina Turner, a ic\u00f4nica cantora de rock e soul que emergiu de origens humildes e superou um casamento notoriamente abusivo para se tornar uma das artistas femininas mais populares de todos os tempos, faleceu aos 83 anos. De acordo com um representante de Tina, ela faleceu \u201cpacificamente ap\u00f3s uma longa doen\u00e7a\u201d em sua resid\u00eancia em [&hellip;]<\/p>\n","protected":false},"author":2,"featured_media":110067,"comment_status":"closed","ping_status":"open","sticky":false,"template":"","format":"standard","meta":{"footnotes":"","_links_to":"","_links_to_target":""},"categories":[1],"tags":[],"class_list":["post-110065","post","type-post","status-publish","format-standard","has-post-thumbnail","hentry","category-geral"],"views":857,"_links":{"self":[{"href":"https:\/\/www.sudoestehoje.com.br\/novoportal\/wp-json\/wp\/v2\/posts\/110065","targetHints":{"allow":["GET"]}}],"collection":[{"href":"https:\/\/www.sudoestehoje.com.br\/novoportal\/wp-json\/wp\/v2\/posts"}],"about":[{"href":"https:\/\/www.sudoestehoje.com.br\/novoportal\/wp-json\/wp\/v2\/types\/post"}],"author":[{"embeddable":true,"href":"https:\/\/www.sudoestehoje.com.br\/novoportal\/wp-json\/wp\/v2\/users\/2"}],"replies":[{"embeddable":true,"href":"https:\/\/www.sudoestehoje.com.br\/novoportal\/wp-json\/wp\/v2\/comments?post=110065"}],"version-history":[{"count":2,"href":"https:\/\/www.sudoestehoje.com.br\/novoportal\/wp-json\/wp\/v2\/posts\/110065\/revisions"}],"predecessor-version":[{"id":110068,"href":"https:\/\/www.sudoestehoje.com.br\/novoportal\/wp-json\/wp\/v2\/posts\/110065\/revisions\/110068"}],"wp:featuredmedia":[{"embeddable":true,"href":"https:\/\/www.sudoestehoje.com.br\/novoportal\/wp-json\/wp\/v2\/media\/110067"}],"wp:attachment":[{"href":"https:\/\/www.sudoestehoje.com.br\/novoportal\/wp-json\/wp\/v2\/media?parent=110065"}],"wp:term":[{"taxonomy":"category","embeddable":true,"href":"https:\/\/www.sudoestehoje.com.br\/novoportal\/wp-json\/wp\/v2\/categories?post=110065"},{"taxonomy":"post_tag","embeddable":true,"href":"https:\/\/www.sudoestehoje.com.br\/novoportal\/wp-json\/wp\/v2\/tags?post=110065"}],"curies":[{"name":"wp","href":"https:\/\/api.w.org\/{rel}","templated":true}]}}