
{"id":11006,"date":"2011-12-10T23:20:45","date_gmt":"2011-12-11T02:20:45","guid":{"rendered":"http:\/\/www.sudoestehoje.com.br\/novoportal\/?p=11006"},"modified":"2011-12-10T23:21:49","modified_gmt":"2011-12-11T02:21:49","slug":"quem-e-o-pior-prefeito-da-regiao","status":"publish","type":"post","link":"https:\/\/www.sudoestehoje.com.br\/novoportal\/2011\/12\/10\/quem-e-o-pior-prefeito-da-regiao\/","title":{"rendered":"QUEM \u00c9 O PIOR PREFEITO DA REGI\u00c3O?"},"content":{"rendered":"<p style=\"text-align: center;\"><img decoding=\"async\" class=\"aligncenter\" src=\"http:\/\/4.bp.blogspot.com\/-qcSdKmKIxQs\/TboceVXmciI\/AAAAAAAAALg\/h9ErYGa1Wk0\/s320\/grafico_queda.jpg\" alt=\"\" width=\"400\" \/><\/p>\n<p style=\"text-align: center;\"><strong>VOTE NA NOVA ENQUETE<\/strong><\/p>\n<p>A nossa nova Enquete mudou o foco e quer saber agora o que as pessoas est\u00e3o achando dos prefeitos da micro-regi\u00e3o de Itapetinga. Para evitar o que ocorreu nas outras enquetes, quando pessoas votavam in\u00fameras vezes para &#8216;turbinar&#8217; a popularidade de seus candidatos, resolvemos medir a rejei\u00e7\u00e3o dos prefeitos da regi\u00e3o, para elegermos o pior deles. Votem \u00e0 vontade e opinem neste espa\u00e7o.<\/p>\n","protected":false},"excerpt":{"rendered":"<p>VOTE NA NOVA ENQUETE A nossa nova Enquete mudou o foco e quer saber agora o que as pessoas est\u00e3o achando dos prefeitos da micro-regi\u00e3o de Itapetinga. Para evitar o que ocorreu nas outras enquetes, quando pessoas votavam in\u00fameras vezes para &#8216;turbinar&#8217; a popularidade de seus candidatos, resolvemos medir a rejei\u00e7\u00e3o dos prefeitos da regi\u00e3o, [&hellip;]<\/p>\n","protected":false},"author":2,"featured_media":0,"comment_status":"open","ping_status":"open","sticky":false,"template":"","format":"standard","meta":{"footnotes":"","_links_to":"","_links_to_target":""},"categories":[1],"tags":[],"class_list":["post-11006","post","type-post","status-publish","format-standard","hentry","category-geral"],"views":1374,"_links":{"self":[{"href":"https:\/\/www.sudoestehoje.com.br\/novoportal\/wp-json\/wp\/v2\/posts\/11006","targetHints":{"allow":["GET"]}}],"collection":[{"href":"https:\/\/www.sudoestehoje.com.br\/novoportal\/wp-json\/wp\/v2\/posts"}],"about":[{"href":"https:\/\/www.sudoestehoje.com.br\/novoportal\/wp-json\/wp\/v2\/types\/post"}],"author":[{"embeddable":true,"href":"https:\/\/www.sudoestehoje.com.br\/novoportal\/wp-json\/wp\/v2\/users\/2"}],"replies":[{"embeddable":true,"href":"https:\/\/www.sudoestehoje.com.br\/novoportal\/wp-json\/wp\/v2\/comments?post=11006"}],"version-history":[{"count":5,"href":"https:\/\/www.sudoestehoje.com.br\/novoportal\/wp-json\/wp\/v2\/posts\/11006\/revisions"}],"predecessor-version":[{"id":11010,"href":"https:\/\/www.sudoestehoje.com.br\/novoportal\/wp-json\/wp\/v2\/posts\/11006\/revisions\/11010"}],"wp:attachment":[{"href":"https:\/\/www.sudoestehoje.com.br\/novoportal\/wp-json\/wp\/v2\/media?parent=11006"}],"wp:term":[{"taxonomy":"category","embeddable":true,"href":"https:\/\/www.sudoestehoje.com.br\/novoportal\/wp-json\/wp\/v2\/categories?post=11006"},{"taxonomy":"post_tag","embeddable":true,"href":"https:\/\/www.sudoestehoje.com.br\/novoportal\/wp-json\/wp\/v2\/tags?post=11006"}],"curies":[{"name":"wp","href":"https:\/\/api.w.org\/{rel}","templated":true}]}}