
{"id":110054,"date":"2023-05-24T23:18:50","date_gmt":"2023-05-25T02:18:50","guid":{"rendered":"https:\/\/www.sudoestehoje.com.br\/novoportal\/?p=110054"},"modified":"2023-05-24T23:18:50","modified_gmt":"2023-05-25T02:18:50","slug":"advogada-itapetinguense-e-indicada-para-vaga-efetiva-de-juiza-no-tse","status":"publish","type":"post","link":"https:\/\/www.sudoestehoje.com.br\/novoportal\/2023\/05\/24\/advogada-itapetinguense-e-indicada-para-vaga-efetiva-de-juiza-no-tse\/","title":{"rendered":"ADVOGADA ITAPETINGUENSE \u00c9 INDICADA PARA VAGA EFETIVA DE JUIZA NO TSE"},"content":{"rendered":"<p><a href=\"https:\/\/www.sudoestehoje.com.br\/novoportal\/wp-content\/uploads\/2023\/05\/IMAGEM_NOTICIA_5-1-1.webp\"><img loading=\"lazy\" decoding=\"async\" class=\"aligncenter  wp-image-110055\" src=\"https:\/\/www.sudoestehoje.com.br\/novoportal\/wp-content\/uploads\/2023\/05\/IMAGEM_NOTICIA_5-1-1.webp\" alt=\"\" width=\"551\" height=\"351\" \/><\/a><\/p>\n<p><strong>O Supremo Tribunal Federal (STF) definiu nesta quarta-feira (24) a lista para encaminhar ao presidente Luiz In\u00e1cio Lula da Silva (PT) para a escolha de dois advogados para cadeiras efetivas no Tribunal Superior Eleitoral (TSE), \u00f3rg\u00e3o respons\u00e1vel pela organiza\u00e7\u00e3o das elei\u00e7\u00f5es. As informa\u00e7\u00f5es s\u00e3o da Ag\u00eancia Brasil.<\/strong><\/p>\n<p><strong>A lista \u00e9 formada pelos advogados Edilene Lobo, ligada ao PT de Minas Gerais; Andr\u00e9 Ramos Tavares, ministro substituto no TSE; Floriano de Azevedo Marques, ligado ao ministro Alexandre de Moraes, e a presidente da OAB -BA, Daniela Borges, natural de Itapetinga.<\/strong><\/p>\n<p><strong>Com os nomes, a lista ser\u00e1 enviada formalmente \u00e0 Presid\u00eancia da Rep\u00fablica, e cabe a Lula escolher dois dos quatro nomes sugeridos, sem um prazo legal para a escolha.<\/strong><\/p>\n<p><strong>As vagas foram abertas na semana passada, ap\u00f3s a sa\u00edda dos ministros S\u00e9rgio Banhos, que ficou no cargo por quatro anos e n\u00e3o pode continuar na fun\u00e7\u00e3o por ter cumprido per\u00edodo m\u00e1ximo permitido de dois bi\u00eanios, e Carlos Horbach, que poderia ser reconduzido por mais dois anos, mas optou por n\u00e3o figurar entre os nomes que concorrem \u00e0 perman\u00eancia.<\/strong><\/p>\n<p><strong>Segundo a Constitui\u00e7\u00e3o, cabe ao presidente da Rep\u00fablica nomear os advogados que comp\u00f5em o tribunal. O TSE \u00e9 composto por sete ministros, sendo tr\u00eas do STF, dois do Superior Tribunal de Justi\u00e7a (STJ) e dois advogados com not\u00f3rio saber jur\u00eddico.<\/strong><\/p>\n","protected":false},"excerpt":{"rendered":"<p>O Supremo Tribunal Federal (STF) definiu nesta quarta-feira (24) a lista para encaminhar ao presidente Luiz In\u00e1cio Lula da Silva (PT) para a escolha de dois advogados para cadeiras efetivas no Tribunal Superior Eleitoral (TSE), \u00f3rg\u00e3o respons\u00e1vel pela organiza\u00e7\u00e3o das elei\u00e7\u00f5es. As informa\u00e7\u00f5es s\u00e3o da Ag\u00eancia Brasil. A lista \u00e9 formada pelos advogados Edilene Lobo, [&hellip;]<\/p>\n","protected":false},"author":2,"featured_media":110055,"comment_status":"closed","ping_status":"open","sticky":false,"template":"","format":"standard","meta":{"footnotes":"","_links_to":"","_links_to_target":""},"categories":[1],"tags":[],"class_list":["post-110054","post","type-post","status-publish","format-standard","has-post-thumbnail","hentry","category-geral"],"views":907,"_links":{"self":[{"href":"https:\/\/www.sudoestehoje.com.br\/novoportal\/wp-json\/wp\/v2\/posts\/110054","targetHints":{"allow":["GET"]}}],"collection":[{"href":"https:\/\/www.sudoestehoje.com.br\/novoportal\/wp-json\/wp\/v2\/posts"}],"about":[{"href":"https:\/\/www.sudoestehoje.com.br\/novoportal\/wp-json\/wp\/v2\/types\/post"}],"author":[{"embeddable":true,"href":"https:\/\/www.sudoestehoje.com.br\/novoportal\/wp-json\/wp\/v2\/users\/2"}],"replies":[{"embeddable":true,"href":"https:\/\/www.sudoestehoje.com.br\/novoportal\/wp-json\/wp\/v2\/comments?post=110054"}],"version-history":[{"count":3,"href":"https:\/\/www.sudoestehoje.com.br\/novoportal\/wp-json\/wp\/v2\/posts\/110054\/revisions"}],"predecessor-version":[{"id":110058,"href":"https:\/\/www.sudoestehoje.com.br\/novoportal\/wp-json\/wp\/v2\/posts\/110054\/revisions\/110058"}],"wp:featuredmedia":[{"embeddable":true,"href":"https:\/\/www.sudoestehoje.com.br\/novoportal\/wp-json\/wp\/v2\/media\/110055"}],"wp:attachment":[{"href":"https:\/\/www.sudoestehoje.com.br\/novoportal\/wp-json\/wp\/v2\/media?parent=110054"}],"wp:term":[{"taxonomy":"category","embeddable":true,"href":"https:\/\/www.sudoestehoje.com.br\/novoportal\/wp-json\/wp\/v2\/categories?post=110054"},{"taxonomy":"post_tag","embeddable":true,"href":"https:\/\/www.sudoestehoje.com.br\/novoportal\/wp-json\/wp\/v2\/tags?post=110054"}],"curies":[{"name":"wp","href":"https:\/\/api.w.org\/{rel}","templated":true}]}}