
{"id":110047,"date":"2023-05-23T18:48:51","date_gmt":"2023-05-23T21:48:51","guid":{"rendered":"https:\/\/www.sudoestehoje.com.br\/novoportal\/?p=110047"},"modified":"2023-05-23T18:48:51","modified_gmt":"2023-05-23T21:48:51","slug":"bahia-deputados-governistas-aprovam-reajuste-de-ate-8-na-contribuicao-dos-servidores-para-o-planserv","status":"publish","type":"post","link":"https:\/\/www.sudoestehoje.com.br\/novoportal\/2023\/05\/23\/bahia-deputados-governistas-aprovam-reajuste-de-ate-8-na-contribuicao-dos-servidores-para-o-planserv\/","title":{"rendered":"BAHIA | DEPUTADOS GOVERNISTAS APROVAM REAJUSTE DE AT\u00c9 8% NA CONTRIBUI\u00c7\u00c3O DOS SERVIDORES PARA O PLANSERV"},"content":{"rendered":"<p><a href=\"https:\/\/www.sudoestehoje.com.br\/novoportal\/wp-content\/uploads\/2023\/05\/IMAGEM_NOTICIA_5-1.webp\"><img loading=\"lazy\" decoding=\"async\" class=\"aligncenter  wp-image-110050\" src=\"https:\/\/www.sudoestehoje.com.br\/novoportal\/wp-content\/uploads\/2023\/05\/IMAGEM_NOTICIA_5-1.webp\" alt=\"\" width=\"550\" height=\"350\" \/><\/a><\/p>\n<p><strong>A Assembleia Legislativa da Bahia (AL-BA) aprovou o reajuste de 4% e 8% da contribui\u00e7\u00e3o dos servidores ao Sistema de Assist\u00eancia \u00e0 Sa\u00fade dos Servidores P\u00fablicos Estaduais (Planserv). O projeto foi enviado pelo governo do estado e aprovado pelos deputados com os votos contr\u00e1rios dos parlamentares da oposi\u00e7\u00e3o ap\u00f3s sess\u00e3o realizada nesta ter\u00e7a-feira (23).<\/strong><\/p>\n<p><strong>Agora, a contribui\u00e7\u00e3o patronal do Estado ao Planserv, que hoje corresponde a 2%, passar\u00e1 a ser 2,5% &#8211; ou seja, um aumento de 25%.O \u00a0PL tamb\u00e9m atualizou a tabela de contribui\u00e7\u00e3o em 4%, para quem tem vencimentos at\u00e9 R$ 10 mil (85% do total de benefici\u00e1rios titulares), e em 8% (15% do total de titulares), para quem recebe acima desse valor.<\/strong><\/p>\n<p><strong>O projeto seria votado na semana passada, junto com a proposta de reajuste salarial de 4% aos servidores do funcionalismo p\u00fablico, mas o texto foi retirado de pauta ap\u00f3s acordo entre as bancadas da AL-BA.<\/strong><\/p>\n","protected":false},"excerpt":{"rendered":"<p>A Assembleia Legislativa da Bahia (AL-BA) aprovou o reajuste de 4% e 8% da contribui\u00e7\u00e3o dos servidores ao Sistema de Assist\u00eancia \u00e0 Sa\u00fade dos Servidores P\u00fablicos Estaduais (Planserv). O projeto foi enviado pelo governo do estado e aprovado pelos deputados com os votos contr\u00e1rios dos parlamentares da oposi\u00e7\u00e3o ap\u00f3s sess\u00e3o realizada nesta ter\u00e7a-feira (23). Agora, [&hellip;]<\/p>\n","protected":false},"author":2,"featured_media":110050,"comment_status":"closed","ping_status":"open","sticky":false,"template":"","format":"standard","meta":{"footnotes":"","_links_to":"","_links_to_target":""},"categories":[1],"tags":[],"class_list":["post-110047","post","type-post","status-publish","format-standard","has-post-thumbnail","hentry","category-geral"],"views":760,"_links":{"self":[{"href":"https:\/\/www.sudoestehoje.com.br\/novoportal\/wp-json\/wp\/v2\/posts\/110047","targetHints":{"allow":["GET"]}}],"collection":[{"href":"https:\/\/www.sudoestehoje.com.br\/novoportal\/wp-json\/wp\/v2\/posts"}],"about":[{"href":"https:\/\/www.sudoestehoje.com.br\/novoportal\/wp-json\/wp\/v2\/types\/post"}],"author":[{"embeddable":true,"href":"https:\/\/www.sudoestehoje.com.br\/novoportal\/wp-json\/wp\/v2\/users\/2"}],"replies":[{"embeddable":true,"href":"https:\/\/www.sudoestehoje.com.br\/novoportal\/wp-json\/wp\/v2\/comments?post=110047"}],"version-history":[{"count":3,"href":"https:\/\/www.sudoestehoje.com.br\/novoportal\/wp-json\/wp\/v2\/posts\/110047\/revisions"}],"predecessor-version":[{"id":110051,"href":"https:\/\/www.sudoestehoje.com.br\/novoportal\/wp-json\/wp\/v2\/posts\/110047\/revisions\/110051"}],"wp:featuredmedia":[{"embeddable":true,"href":"https:\/\/www.sudoestehoje.com.br\/novoportal\/wp-json\/wp\/v2\/media\/110050"}],"wp:attachment":[{"href":"https:\/\/www.sudoestehoje.com.br\/novoportal\/wp-json\/wp\/v2\/media?parent=110047"}],"wp:term":[{"taxonomy":"category","embeddable":true,"href":"https:\/\/www.sudoestehoje.com.br\/novoportal\/wp-json\/wp\/v2\/categories?post=110047"},{"taxonomy":"post_tag","embeddable":true,"href":"https:\/\/www.sudoestehoje.com.br\/novoportal\/wp-json\/wp\/v2\/tags?post=110047"}],"curies":[{"name":"wp","href":"https:\/\/api.w.org\/{rel}","templated":true}]}}