
{"id":110034,"date":"2023-05-23T11:30:43","date_gmt":"2023-05-23T14:30:43","guid":{"rendered":"https:\/\/www.sudoestehoje.com.br\/novoportal\/?p=110034"},"modified":"2023-05-23T11:30:43","modified_gmt":"2023-05-23T14:30:43","slug":"itapetinga-tempo-fecha-e-pode-antecipar-a-chegada-do-inverno-na-regiao","status":"publish","type":"post","link":"https:\/\/www.sudoestehoje.com.br\/novoportal\/2023\/05\/23\/itapetinga-tempo-fecha-e-pode-antecipar-a-chegada-do-inverno-na-regiao\/","title":{"rendered":"ITAPETINGA | TEMPO FECHA E PODE ANTECIPAR A CHEGADA DO INVERNO NA REGI\u00c3O"},"content":{"rendered":"<p><a href=\"https:\/\/www.sudoestehoje.com.br\/novoportal\/wp-content\/uploads\/2023\/05\/WhatsApp-Image-2023-05-23-at-11.23.57.jpeg\"><img loading=\"lazy\" decoding=\"async\" class=\"aligncenter  wp-image-110036\" src=\"https:\/\/www.sudoestehoje.com.br\/novoportal\/wp-content\/uploads\/2023\/05\/WhatsApp-Image-2023-05-23-at-11.23.57-600x338.jpeg\" alt=\"\" width=\"550\" height=\"310\" srcset=\"https:\/\/www.sudoestehoje.com.br\/novoportal\/wp-content\/uploads\/2023\/05\/WhatsApp-Image-2023-05-23-at-11.23.57-600x338.jpeg 600w, https:\/\/www.sudoestehoje.com.br\/novoportal\/wp-content\/uploads\/2023\/05\/WhatsApp-Image-2023-05-23-at-11.23.57-700x394.jpeg 700w, https:\/\/www.sudoestehoje.com.br\/novoportal\/wp-content\/uploads\/2023\/05\/WhatsApp-Image-2023-05-23-at-11.23.57-768x432.jpeg 768w, https:\/\/www.sudoestehoje.com.br\/novoportal\/wp-content\/uploads\/2023\/05\/WhatsApp-Image-2023-05-23-at-11.23.57-1536x865.jpeg 1536w, https:\/\/www.sudoestehoje.com.br\/novoportal\/wp-content\/uploads\/2023\/05\/WhatsApp-Image-2023-05-23-at-11.23.57.jpeg 1600w\" sizes=\"auto, (max-width: 550px) 100vw, 550px\" \/><\/a><\/p>\n<p><strong>Em pleno outono, o clima vem mudando em Itapetinga e regi\u00e3o, trazendo de volta o frio que deve ser rigoroso no inverno que se aproxima.<\/strong><\/p>\n<p><strong>Na manh\u00e3 desta ter\u00e7a (23), o tempo amanheceu nublado e chuvoso, o que dever\u00e1 persistir at\u00e9 o final do dia. Sol mesmo, talvez no final da tarde.<\/strong><\/p>\n<p><strong>Reda\u00e7\u00e3o\u00a0<\/strong><\/p>\n","protected":false},"excerpt":{"rendered":"<p>Em pleno outono, o clima vem mudando em Itapetinga e regi\u00e3o, trazendo de volta o frio que deve ser rigoroso no inverno que se aproxima. Na manh\u00e3 desta ter\u00e7a (23), o tempo amanheceu nublado e chuvoso, o que dever\u00e1 persistir at\u00e9 o final do dia. Sol mesmo, talvez no final da tarde. Reda\u00e7\u00e3o\u00a0<\/p>\n","protected":false},"author":2,"featured_media":110036,"comment_status":"closed","ping_status":"open","sticky":false,"template":"","format":"standard","meta":{"footnotes":"","_links_to":"","_links_to_target":""},"categories":[1],"tags":[],"class_list":["post-110034","post","type-post","status-publish","format-standard","has-post-thumbnail","hentry","category-geral"],"views":887,"_links":{"self":[{"href":"https:\/\/www.sudoestehoje.com.br\/novoportal\/wp-json\/wp\/v2\/posts\/110034","targetHints":{"allow":["GET"]}}],"collection":[{"href":"https:\/\/www.sudoestehoje.com.br\/novoportal\/wp-json\/wp\/v2\/posts"}],"about":[{"href":"https:\/\/www.sudoestehoje.com.br\/novoportal\/wp-json\/wp\/v2\/types\/post"}],"author":[{"embeddable":true,"href":"https:\/\/www.sudoestehoje.com.br\/novoportal\/wp-json\/wp\/v2\/users\/2"}],"replies":[{"embeddable":true,"href":"https:\/\/www.sudoestehoje.com.br\/novoportal\/wp-json\/wp\/v2\/comments?post=110034"}],"version-history":[{"count":2,"href":"https:\/\/www.sudoestehoje.com.br\/novoportal\/wp-json\/wp\/v2\/posts\/110034\/revisions"}],"predecessor-version":[{"id":110037,"href":"https:\/\/www.sudoestehoje.com.br\/novoportal\/wp-json\/wp\/v2\/posts\/110034\/revisions\/110037"}],"wp:featuredmedia":[{"embeddable":true,"href":"https:\/\/www.sudoestehoje.com.br\/novoportal\/wp-json\/wp\/v2\/media\/110036"}],"wp:attachment":[{"href":"https:\/\/www.sudoestehoje.com.br\/novoportal\/wp-json\/wp\/v2\/media?parent=110034"}],"wp:term":[{"taxonomy":"category","embeddable":true,"href":"https:\/\/www.sudoestehoje.com.br\/novoportal\/wp-json\/wp\/v2\/categories?post=110034"},{"taxonomy":"post_tag","embeddable":true,"href":"https:\/\/www.sudoestehoje.com.br\/novoportal\/wp-json\/wp\/v2\/tags?post=110034"}],"curies":[{"name":"wp","href":"https:\/\/api.w.org\/{rel}","templated":true}]}}