
{"id":11000,"date":"2011-12-06T16:52:48","date_gmt":"2011-12-06T19:52:48","guid":{"rendered":"http:\/\/www.sudoestehoje.com.br\/novoportal\/?p=11000"},"modified":"2011-12-06T16:52:48","modified_gmt":"2011-12-06T19:52:48","slug":"andre-dantas-diz-que-pt-e-maltratado-e-nao-participa-do-governo-ze-carlos","status":"publish","type":"post","link":"https:\/\/www.sudoestehoje.com.br\/novoportal\/2011\/12\/06\/andre-dantas-diz-que-pt-e-maltratado-e-nao-participa-do-governo-ze-carlos\/","title":{"rendered":"ANDR\u00c9 DANTAS DIZ QUE PT \u00c9 MALTRATADO E N\u00c3O PARTICIPA DO GOVERNO Z\u00c9 CARLOS"},"content":{"rendered":"<p style=\"text-align: center;\"><img decoding=\"async\" src=\"http:\/\/www.itapetinganet.com.br\/site\/imagens\/andre%20dantas.bmp\" alt=\"\" \/><\/p>\n<p>ITAPETINGA: O ex-secret\u00e1rio de Planejamento Andr\u00e9 Dantas, petista ligado ao deputado Rosemberg Pinto, rompeu o sil\u00eancio neste s\u00e1bado (03) e deu entrevista no programa \u201cDe olho na semana\u201d da Vida Nova FM. O an\u00fancio do pedido de desligamento de Andr\u00e9 aconteceu no m\u00eas de Janeiro e oficialmente foi publicado no dia 07 de Abril. Andr\u00e9 falou do isolamento do PT no centro de decis\u00f5es do governo municipal, relacionou pessoas indesej\u00e1veis e apontou a necessidade de corre\u00e7\u00e3o de rumo da atual administra\u00e7\u00e3o.<\/p>\n<p>Sobre o PT:<\/p>\n<p>\u201cN\u00e3o est\u00e1 acontecendo participa\u00e7\u00e3o do PT no governo. \u00c9 como o partido estar no poder e os membros n\u00e3o sabem das coisas. Bandeiras hist\u00f3ricas n\u00e3o est\u00e3o presentes. O PT local deve fazer avalia\u00e7\u00e3o e corrigir o rumo do governo, e se n\u00e3o conseguir, sair em bloco da administra\u00e7\u00e3o\u201d.<\/p>\n<p>ISRAEL MIRANDA ASSESSOR ESPECIAL DA PREFEITURA:<\/p>\n<p>\u201c\u00c9 um desconhecido que apareceu depois da elei\u00e7\u00e3o e se arvorou a prefeito. Ele atrapalha e maltrata pessoas que ajudaram ao prefeito. Infelizmente \u00e9 apoiado por Zen\u00f3bio.&#8221;<\/p>\n<p>ROMILDO TEIXEIRA \u2013 VEREADOR DO PDT:<\/p>\n<p>\u201cSempre disse que n\u00e3o precisamos dessas pessoas. \u00c9 uma figura que n\u00e3o conhece a hist\u00f3ria de Itapetinga\u201d.<\/p>\n<p>GOVERNO JOS\u00c9 CARLOS:<\/p>\n<p>\u201cFalta ao governo di\u00e1logo com a sociedade. O Prefeito apanha e n\u00e3o se defende. Tudo se perde por falta de condu\u00e7\u00e3o pol\u00edtica e profissionalismo. O Prefeito Jos\u00e9 Carlos perde a chance hist\u00f3rica\u201d<\/p>\n<p>O debatedor do programa, Jailson Santos, indagou se o PT demorou pra fazer a cr\u00edtica e se a sigla est\u00e1 manchada? Andr\u00e9 revelou que \u201cainda \u00e9 poss\u00edvel corrigir o rumo. O PT n\u00e3o est\u00e1 manchado, o governo tem coisas boas, que s\u00e3o as obras do governo federal, e n\u00e3o sabe fazer propaganda. Pessoas tamb\u00e9m se afastaram do governo.\u201d<\/p>\n<p>No final Andr\u00e9 Dantas afirmou que defende o PPA participativo (Plano plurianual) e que projetos elaborados por ele no governo ainda n\u00e3o foram executado como a passarela ligando a horta comunit\u00e1ria e o Ponto Cidad\u00e3o. Itapetinga Net<\/p>\n","protected":false},"excerpt":{"rendered":"<p>ITAPETINGA: O ex-secret\u00e1rio de Planejamento Andr\u00e9 Dantas, petista ligado ao deputado Rosemberg Pinto, rompeu o sil\u00eancio neste s\u00e1bado (03) e deu entrevista no programa \u201cDe olho na semana\u201d da Vida Nova FM. O an\u00fancio do pedido de desligamento de Andr\u00e9 aconteceu no m\u00eas de Janeiro e oficialmente foi publicado no dia 07 de Abril. Andr\u00e9 [&hellip;]<\/p>\n","protected":false},"author":2,"featured_media":0,"comment_status":"open","ping_status":"open","sticky":false,"template":"","format":"standard","meta":{"footnotes":"","_links_to":"","_links_to_target":""},"categories":[1],"tags":[],"class_list":["post-11000","post","type-post","status-publish","format-standard","hentry","category-geral"],"views":1954,"_links":{"self":[{"href":"https:\/\/www.sudoestehoje.com.br\/novoportal\/wp-json\/wp\/v2\/posts\/11000","targetHints":{"allow":["GET"]}}],"collection":[{"href":"https:\/\/www.sudoestehoje.com.br\/novoportal\/wp-json\/wp\/v2\/posts"}],"about":[{"href":"https:\/\/www.sudoestehoje.com.br\/novoportal\/wp-json\/wp\/v2\/types\/post"}],"author":[{"embeddable":true,"href":"https:\/\/www.sudoestehoje.com.br\/novoportal\/wp-json\/wp\/v2\/users\/2"}],"replies":[{"embeddable":true,"href":"https:\/\/www.sudoestehoje.com.br\/novoportal\/wp-json\/wp\/v2\/comments?post=11000"}],"version-history":[{"count":4,"href":"https:\/\/www.sudoestehoje.com.br\/novoportal\/wp-json\/wp\/v2\/posts\/11000\/revisions"}],"predecessor-version":[{"id":11004,"href":"https:\/\/www.sudoestehoje.com.br\/novoportal\/wp-json\/wp\/v2\/posts\/11000\/revisions\/11004"}],"wp:attachment":[{"href":"https:\/\/www.sudoestehoje.com.br\/novoportal\/wp-json\/wp\/v2\/media?parent=11000"}],"wp:term":[{"taxonomy":"category","embeddable":true,"href":"https:\/\/www.sudoestehoje.com.br\/novoportal\/wp-json\/wp\/v2\/categories?post=11000"},{"taxonomy":"post_tag","embeddable":true,"href":"https:\/\/www.sudoestehoje.com.br\/novoportal\/wp-json\/wp\/v2\/tags?post=11000"}],"curies":[{"name":"wp","href":"https:\/\/api.w.org\/{rel}","templated":true}]}}