
{"id":10992,"date":"2011-12-05T19:39:32","date_gmt":"2011-12-05T22:39:32","guid":{"rendered":"http:\/\/www.sudoestehoje.com.br\/novoportal\/?p=10992"},"modified":"2011-12-05T19:42:15","modified_gmt":"2011-12-05T22:42:15","slug":"itapetinga-ze-carlos-diz-que-nao-tem-medo-de-cpi","status":"publish","type":"post","link":"https:\/\/www.sudoestehoje.com.br\/novoportal\/2011\/12\/05\/itapetinga-ze-carlos-diz-que-nao-tem-medo-de-cpi\/","title":{"rendered":"ITAPETINGA: Z\u00c9 CARLOS DIZ QUE N\u00c3O TEM MEDO DE CPI"},"content":{"rendered":"<p style=\"text-align: center;\"><img decoding=\"async\" class=\"aligncenter\" src=\"http:\/\/farm8.staticflickr.com\/7171\/6459202985_e2a99c2a43.jpg\" alt=\"\" width=\"400\" \/><\/p>\n<p style=\"text-align: center;\"><em><strong>&#8220;\u00c9 normal, \u00e9 natural que tenham algumas coisas da prefeitura que carecem que eles investiguem&#8221;, reconhece Z\u00e9 Carlos.<\/strong><\/em><\/p>\n<p>Em entrevista ao <em>Blog do Anderson<\/em>, na \u00faltima quarta-feira (30), o prefeito Z\u00e9 Carlos disse estar tranquilo em rela\u00e7\u00e3o \u00e0 CPI da Vidal, afirmando que tal movimento n\u00e3o passa de jogo pol\u00edtico \u00e0s v\u00e9speras de ano eleitoral. \u201c <em>N\u00e3o tem problema nenhum. Acho que quem n\u00e3o deve n\u00e3o teme. \u00c9 normal, \u00e9 natural que tenham algumas coisas da Prefeitura que carecem que eles investigam, mas eu tenho a consci\u00eancia tranquila que n\u00e3o tem nada, que n\u00e3o tem absolutamente nada. Voc\u00ea est\u00e1 vendo que estou com o assessor jur\u00eddico aqui. O que eu fa\u00e7o \u00e9 tudo com a assinatura dos procuradores do munic\u00edpio, com os assessores jur\u00eddicos do munic\u00edpio, ent\u00e3o n\u00e3o tem nada. Uma pequena minoriazinha da oposi\u00e7\u00e3o que est\u00e3o ao inv\u00e9s de ajudar, est\u00e3o querendo atrapalhar, j\u00e1 que estamos entrando num ano pol\u00edtico est\u00e3o querendo criar fatos. Mas na realidade n\u00e3o veja nada demais nisso&#8221;<\/em>, disse Z\u00e9 Carlos, que aparece na foto com uma barba ao estilo Lula.<\/p>\n<p>Segundo as m\u00e1s l\u00ednguas, &#8220;a barba de Z\u00e9 Carlos come\u00e7ou a crescer&#8221; depois que a CPI foi instalada.<\/p>\n<p><em><strong>Por DAVI FERRAZ<\/strong><\/em><\/p>\n","protected":false},"excerpt":{"rendered":"<p>&#8220;\u00c9 normal, \u00e9 natural que tenham algumas coisas da prefeitura que carecem que eles investiguem&#8221;, reconhece Z\u00e9 Carlos. Em entrevista ao Blog do Anderson, na \u00faltima quarta-feira (30), o prefeito Z\u00e9 Carlos disse estar tranquilo em rela\u00e7\u00e3o \u00e0 CPI da Vidal, afirmando que tal movimento n\u00e3o passa de jogo pol\u00edtico \u00e0s v\u00e9speras de ano eleitoral. [&hellip;]<\/p>\n","protected":false},"author":2,"featured_media":0,"comment_status":"open","ping_status":"open","sticky":false,"template":"","format":"standard","meta":{"footnotes":"","_links_to":"","_links_to_target":""},"categories":[1],"tags":[],"class_list":["post-10992","post","type-post","status-publish","format-standard","hentry","category-geral"],"views":1252,"_links":{"self":[{"href":"https:\/\/www.sudoestehoje.com.br\/novoportal\/wp-json\/wp\/v2\/posts\/10992","targetHints":{"allow":["GET"]}}],"collection":[{"href":"https:\/\/www.sudoestehoje.com.br\/novoportal\/wp-json\/wp\/v2\/posts"}],"about":[{"href":"https:\/\/www.sudoestehoje.com.br\/novoportal\/wp-json\/wp\/v2\/types\/post"}],"author":[{"embeddable":true,"href":"https:\/\/www.sudoestehoje.com.br\/novoportal\/wp-json\/wp\/v2\/users\/2"}],"replies":[{"embeddable":true,"href":"https:\/\/www.sudoestehoje.com.br\/novoportal\/wp-json\/wp\/v2\/comments?post=10992"}],"version-history":[{"count":6,"href":"https:\/\/www.sudoestehoje.com.br\/novoportal\/wp-json\/wp\/v2\/posts\/10992\/revisions"}],"predecessor-version":[{"id":10996,"href":"https:\/\/www.sudoestehoje.com.br\/novoportal\/wp-json\/wp\/v2\/posts\/10992\/revisions\/10996"}],"wp:attachment":[{"href":"https:\/\/www.sudoestehoje.com.br\/novoportal\/wp-json\/wp\/v2\/media?parent=10992"}],"wp:term":[{"taxonomy":"category","embeddable":true,"href":"https:\/\/www.sudoestehoje.com.br\/novoportal\/wp-json\/wp\/v2\/categories?post=10992"},{"taxonomy":"post_tag","embeddable":true,"href":"https:\/\/www.sudoestehoje.com.br\/novoportal\/wp-json\/wp\/v2\/tags?post=10992"}],"curies":[{"name":"wp","href":"https:\/\/api.w.org\/{rel}","templated":true}]}}