
{"id":109906,"date":"2023-05-19T08:22:06","date_gmt":"2023-05-19T11:22:06","guid":{"rendered":"https:\/\/www.sudoestehoje.com.br\/novoportal\/?p=109906"},"modified":"2023-05-19T08:26:30","modified_gmt":"2023-05-19T11:26:30","slug":"ciclo-de-palestras-lotou-stand-da-hb-sementes-no-parque-de-exposicoes","status":"publish","type":"post","link":"https:\/\/www.sudoestehoje.com.br\/novoportal\/2023\/05\/19\/ciclo-de-palestras-lotou-stand-da-hb-sementes-no-parque-de-exposicoes\/","title":{"rendered":"CICLO DE PALESTRAS LOTOU STAND DA HB SEMENTES NO PARQUE DE EXPOSI\u00c7\u00d5ES"},"content":{"rendered":"<p><a href=\"https:\/\/www.sudoestehoje.com.br\/novoportal\/wp-content\/uploads\/2023\/05\/WhatsApp-Image-2023-05-19-at-08.13.40-1.jpeg\"><img loading=\"lazy\" decoding=\"async\" class=\"aligncenter wp-image-109911\" src=\"https:\/\/www.sudoestehoje.com.br\/novoportal\/wp-content\/uploads\/2023\/05\/WhatsApp-Image-2023-05-19-at-08.13.40-1-600x338.jpeg\" alt=\"\" width=\"550\" height=\"310\" srcset=\"https:\/\/www.sudoestehoje.com.br\/novoportal\/wp-content\/uploads\/2023\/05\/WhatsApp-Image-2023-05-19-at-08.13.40-1-600x338.jpeg 600w, https:\/\/www.sudoestehoje.com.br\/novoportal\/wp-content\/uploads\/2023\/05\/WhatsApp-Image-2023-05-19-at-08.13.40-1-700x394.jpeg 700w, https:\/\/www.sudoestehoje.com.br\/novoportal\/wp-content\/uploads\/2023\/05\/WhatsApp-Image-2023-05-19-at-08.13.40-1-768x432.jpeg 768w, https:\/\/www.sudoestehoje.com.br\/novoportal\/wp-content\/uploads\/2023\/05\/WhatsApp-Image-2023-05-19-at-08.13.40-1-1536x865.jpeg 1536w, https:\/\/www.sudoestehoje.com.br\/novoportal\/wp-content\/uploads\/2023\/05\/WhatsApp-Image-2023-05-19-at-08.13.40-1.jpeg 1600w\" sizes=\"auto, (max-width: 550px) 100vw, 550px\" \/><\/a><\/p>\n<p><strong>noite desta quarta, a movimenta\u00e7\u00e3o no Parque de Exposi\u00e7\u00f5es ficou por conta HB SEMENTES, do empres\u00e1rio Henrique Brugni, l\u00edder regional no seguimento de sementes para pastagens e ra\u00e7\u00f5es animais.<\/strong><\/p>\n<p><a href=\"https:\/\/www.sudoestehoje.com.br\/novoportal\/wp-content\/uploads\/2023\/05\/WhatsApp-Image-2023-05-19-at-08.13.40.jpeg\"><img loading=\"lazy\" decoding=\"async\" class=\"aligncenter  wp-image-109912\" src=\"https:\/\/www.sudoestehoje.com.br\/novoportal\/wp-content\/uploads\/2023\/05\/WhatsApp-Image-2023-05-19-at-08.13.40-600x338.jpeg\" alt=\"\" width=\"549\" height=\"309\" srcset=\"https:\/\/www.sudoestehoje.com.br\/novoportal\/wp-content\/uploads\/2023\/05\/WhatsApp-Image-2023-05-19-at-08.13.40-600x338.jpeg 600w, https:\/\/www.sudoestehoje.com.br\/novoportal\/wp-content\/uploads\/2023\/05\/WhatsApp-Image-2023-05-19-at-08.13.40-700x394.jpeg 700w, https:\/\/www.sudoestehoje.com.br\/novoportal\/wp-content\/uploads\/2023\/05\/WhatsApp-Image-2023-05-19-at-08.13.40-768x432.jpeg 768w, https:\/\/www.sudoestehoje.com.br\/novoportal\/wp-content\/uploads\/2023\/05\/WhatsApp-Image-2023-05-19-at-08.13.40-1536x865.jpeg 1536w, https:\/\/www.sudoestehoje.com.br\/novoportal\/wp-content\/uploads\/2023\/05\/WhatsApp-Image-2023-05-19-at-08.13.40.jpeg 1600w\" sizes=\"auto, (max-width: 549px) 100vw, 549px\" \/><\/a><\/p>\n<p><strong>Os temas abordados nas palestras abordaram quest\u00f5es sobre plantio de pastagens, clima e medicamentos utilizados no tratamento dos rebanhos, que despertaram grande interesse dos produtores rurais que lotaram o stand.<\/strong><\/p>\n\n\t\t<style type=\"text\/css\">\n\t\t\t#gallery-1 {\n\t\t\t\tmargin: auto;\n\t\t\t}\n\t\t\t#gallery-1 .gallery-item {\n\t\t\t\tfloat: left;\n\t\t\t\tmargin-top: 10px;\n\t\t\t\ttext-align: center;\n\t\t\t\twidth: 33%;\n\t\t\t}\n\t\t\t#gallery-1 img {\n\t\t\t\tborder: 2px solid #cfcfcf;\n\t\t\t}\n\t\t\t#gallery-1 .gallery-caption {\n\t\t\t\tmargin-left: 0;\n\t\t\t}\n\t\t\t\/* see gallery_shortcode() in wp-includes\/media.php *\/\n\t\t<\/style>\n\t\t<div id='gallery-1' class='gallery galleryid-109906 gallery-columns-3 gallery-size-thumbnail'><dl class='gallery-item'>\n\t\t\t<dt class='gallery-icon landscape'>\n\t\t\t\t<a href='https:\/\/www.sudoestehoje.com.br\/novoportal\/2023\/05\/19\/ciclo-de-palestras-lotou-stand-da-hb-sementes-no-parque-de-exposicoes\/whatsapp-image-2023-05-19-at-08-13-39\/'><img loading=\"lazy\" decoding=\"async\" width=\"150\" height=\"150\" src=\"https:\/\/www.sudoestehoje.com.br\/novoportal\/wp-content\/uploads\/2023\/05\/WhatsApp-Image-2023-05-19-at-08.13.39-150x150.jpeg\" class=\"attachment-thumbnail size-thumbnail\" alt=\"\" \/><\/a>\n\t\t\t<\/dt><\/dl><dl class='gallery-item'>\n\t\t\t<dt class='gallery-icon landscape'>\n\t\t\t\t<a href='https:\/\/www.sudoestehoje.com.br\/novoportal\/2023\/05\/19\/ciclo-de-palestras-lotou-stand-da-hb-sementes-no-parque-de-exposicoes\/whatsapp-image-2023-05-19-at-08-13-39-1\/'><img loading=\"lazy\" decoding=\"async\" width=\"150\" height=\"150\" src=\"https:\/\/www.sudoestehoje.com.br\/novoportal\/wp-content\/uploads\/2023\/05\/WhatsApp-Image-2023-05-19-at-08.13.39-1-150x150.jpeg\" class=\"attachment-thumbnail size-thumbnail\" alt=\"\" \/><\/a>\n\t\t\t<\/dt><\/dl><dl class='gallery-item'>\n\t\t\t<dt class='gallery-icon landscape'>\n\t\t\t\t<a href='https:\/\/www.sudoestehoje.com.br\/novoportal\/2023\/05\/19\/ciclo-de-palestras-lotou-stand-da-hb-sementes-no-parque-de-exposicoes\/whatsapp-image-2023-05-19-at-08-13-38\/'><img loading=\"lazy\" decoding=\"async\" width=\"150\" height=\"150\" src=\"https:\/\/www.sudoestehoje.com.br\/novoportal\/wp-content\/uploads\/2023\/05\/WhatsApp-Image-2023-05-19-at-08.13.38-150x150.jpeg\" class=\"attachment-thumbnail size-thumbnail\" alt=\"\" \/><\/a>\n\t\t\t<\/dt><\/dl><br style=\"clear: both\" \/>\n\t\t<\/div>\n\n<p><strong>Por Davi Ferraz<\/strong><\/p>\n","protected":false},"excerpt":{"rendered":"<p>noite desta quarta, a movimenta\u00e7\u00e3o no Parque de Exposi\u00e7\u00f5es ficou por conta HB SEMENTES, do empres\u00e1rio Henrique Brugni, l\u00edder regional no seguimento de sementes para pastagens e ra\u00e7\u00f5es animais. Os temas abordados nas palestras abordaram quest\u00f5es sobre plantio de pastagens, clima e medicamentos utilizados no tratamento dos rebanhos, que despertaram grande interesse dos produtores rurais [&hellip;]<\/p>\n","protected":false},"author":2,"featured_media":109911,"comment_status":"closed","ping_status":"open","sticky":false,"template":"","format":"standard","meta":{"footnotes":"","_links_to":"","_links_to_target":""},"categories":[1],"tags":[],"class_list":["post-109906","post","type-post","status-publish","format-standard","has-post-thumbnail","hentry","category-geral"],"views":822,"_links":{"self":[{"href":"https:\/\/www.sudoestehoje.com.br\/novoportal\/wp-json\/wp\/v2\/posts\/109906","targetHints":{"allow":["GET"]}}],"collection":[{"href":"https:\/\/www.sudoestehoje.com.br\/novoportal\/wp-json\/wp\/v2\/posts"}],"about":[{"href":"https:\/\/www.sudoestehoje.com.br\/novoportal\/wp-json\/wp\/v2\/types\/post"}],"author":[{"embeddable":true,"href":"https:\/\/www.sudoestehoje.com.br\/novoportal\/wp-json\/wp\/v2\/users\/2"}],"replies":[{"embeddable":true,"href":"https:\/\/www.sudoestehoje.com.br\/novoportal\/wp-json\/wp\/v2\/comments?post=109906"}],"version-history":[{"count":3,"href":"https:\/\/www.sudoestehoje.com.br\/novoportal\/wp-json\/wp\/v2\/posts\/109906\/revisions"}],"predecessor-version":[{"id":109914,"href":"https:\/\/www.sudoestehoje.com.br\/novoportal\/wp-json\/wp\/v2\/posts\/109906\/revisions\/109914"}],"wp:featuredmedia":[{"embeddable":true,"href":"https:\/\/www.sudoestehoje.com.br\/novoportal\/wp-json\/wp\/v2\/media\/109911"}],"wp:attachment":[{"href":"https:\/\/www.sudoestehoje.com.br\/novoportal\/wp-json\/wp\/v2\/media?parent=109906"}],"wp:term":[{"taxonomy":"category","embeddable":true,"href":"https:\/\/www.sudoestehoje.com.br\/novoportal\/wp-json\/wp\/v2\/categories?post=109906"},{"taxonomy":"post_tag","embeddable":true,"href":"https:\/\/www.sudoestehoje.com.br\/novoportal\/wp-json\/wp\/v2\/tags?post=109906"}],"curies":[{"name":"wp","href":"https:\/\/api.w.org\/{rel}","templated":true}]}}