
{"id":10988,"date":"2011-12-05T13:30:24","date_gmt":"2011-12-05T16:30:24","guid":{"rendered":"http:\/\/www.sudoestehoje.com.br\/novoportal\/?p=10988"},"modified":"2011-12-05T13:30:24","modified_gmt":"2011-12-05T16:30:24","slug":"marighella-100-anos","status":"publish","type":"post","link":"https:\/\/www.sudoestehoje.com.br\/novoportal\/2011\/12\/05\/marighella-100-anos\/","title":{"rendered":"MARIGHELLA 100 ANOS"},"content":{"rendered":"<h3><a href=\"http:\/\/www.sudoestehoje.com.br\/novoportal\/wp-content\/uploads\/2011\/12\/BANNER-MARIGUELLA.jpg\"><img decoding=\"async\" class=\"aligncenter size-medium wp-image-10989\" title=\"BANNER MARIGUELLA\" src=\"http:\/\/www.sudoestehoje.com.br\/novoportal\/wp-content\/uploads\/2011\/12\/BANNER-MARIGUELLA-500x888.jpg\" alt=\"\" width=\"400\" srcset=\"https:\/\/www.sudoestehoje.com.br\/novoportal\/wp-content\/uploads\/2011\/12\/BANNER-MARIGUELLA-500x888.jpg 500w, https:\/\/www.sudoestehoje.com.br\/novoportal\/wp-content\/uploads\/2011\/12\/BANNER-MARIGUELLA-576x1024.jpg 576w, https:\/\/www.sudoestehoje.com.br\/novoportal\/wp-content\/uploads\/2011\/12\/BANNER-MARIGUELLA.jpg 1081w\" sizes=\"(max-width: 500px) 100vw, 500px\" \/><\/a><\/h3>\n<h3><a rel=\"nofollow\" name=\"p3\">Rond\u00f3 da  Liberdade<\/a><\/h3>\n<h3>\u00c9 preciso n\u00e3o  ter medo,<br \/>\n\u00e9 preciso ter a coragem de dizer.<\/h3>\n<h3>H\u00e1 os que t\u00eam  voca\u00e7\u00e3o para escravo,<br \/>\nmas h\u00e1 os escravos que se revoltam contra a  escravid\u00e3o.<\/h3>\n<h3>N\u00e3o ficar de  joelhos,<br \/>\nque n\u00e3o \u00e9 racional renunciar a ser livre.<br \/>\nMesmo os escravos por  voca\u00e7\u00e3o<br \/>\ndevem ser obrigados a ser livres,<br \/>\nquando as algemas forem  quebradas.<\/h3>\n<h3>\u00c9 preciso n\u00e3o  ter medo,<br \/>\n\u00e9 preciso ter a coragem de dizer.<\/p>\n<p>O homem deve ser  livre&#8230;<br \/>\nO amor \u00e9 que n\u00e3o se det\u00e9m ante nenhum obst\u00e1culo,<br \/>\ne pode mesmo  existir quando n\u00e3o se \u00e9 livre.<br \/>\nE, no entanto ele \u00e9 em si mesmo<br \/>\na express\u00e3o  mais elevada do que houver de mais livre<br \/>\nem todas as gamas do humano  sentimento.<\/h3>\n<h3>\u00c9 preciso n\u00e3o  ter medo,<br \/>\n\u00e9 preciso ter a coragem de dizer.<\/h3>\n<h3>Carlos  Marighella<\/h3>\n","protected":false},"excerpt":{"rendered":"<p>Rond\u00f3 da Liberdade \u00c9 preciso n\u00e3o ter medo, \u00e9 preciso ter a coragem de dizer. H\u00e1 os que t\u00eam voca\u00e7\u00e3o para escravo, mas h\u00e1 os escravos que se revoltam contra a escravid\u00e3o. N\u00e3o ficar de joelhos, que n\u00e3o \u00e9 racional renunciar a ser livre. Mesmo os escravos por voca\u00e7\u00e3o devem ser obrigados a ser livres, [&hellip;]<\/p>\n","protected":false},"author":2,"featured_media":0,"comment_status":"open","ping_status":"open","sticky":false,"template":"","format":"standard","meta":{"footnotes":"","_links_to":"","_links_to_target":""},"categories":[1],"tags":[],"class_list":["post-10988","post","type-post","status-publish","format-standard","hentry","category-geral"],"views":1270,"_links":{"self":[{"href":"https:\/\/www.sudoestehoje.com.br\/novoportal\/wp-json\/wp\/v2\/posts\/10988","targetHints":{"allow":["GET"]}}],"collection":[{"href":"https:\/\/www.sudoestehoje.com.br\/novoportal\/wp-json\/wp\/v2\/posts"}],"about":[{"href":"https:\/\/www.sudoestehoje.com.br\/novoportal\/wp-json\/wp\/v2\/types\/post"}],"author":[{"embeddable":true,"href":"https:\/\/www.sudoestehoje.com.br\/novoportal\/wp-json\/wp\/v2\/users\/2"}],"replies":[{"embeddable":true,"href":"https:\/\/www.sudoestehoje.com.br\/novoportal\/wp-json\/wp\/v2\/comments?post=10988"}],"version-history":[{"count":2,"href":"https:\/\/www.sudoestehoje.com.br\/novoportal\/wp-json\/wp\/v2\/posts\/10988\/revisions"}],"predecessor-version":[{"id":10991,"href":"https:\/\/www.sudoestehoje.com.br\/novoportal\/wp-json\/wp\/v2\/posts\/10988\/revisions\/10991"}],"wp:attachment":[{"href":"https:\/\/www.sudoestehoje.com.br\/novoportal\/wp-json\/wp\/v2\/media?parent=10988"}],"wp:term":[{"taxonomy":"category","embeddable":true,"href":"https:\/\/www.sudoestehoje.com.br\/novoportal\/wp-json\/wp\/v2\/categories?post=10988"},{"taxonomy":"post_tag","embeddable":true,"href":"https:\/\/www.sudoestehoje.com.br\/novoportal\/wp-json\/wp\/v2\/tags?post=10988"}],"curies":[{"name":"wp","href":"https:\/\/api.w.org\/{rel}","templated":true}]}}