
{"id":109879,"date":"2023-05-17T10:47:42","date_gmt":"2023-05-17T13:47:42","guid":{"rendered":"https:\/\/www.sudoestehoje.com.br\/novoportal\/?p=109879"},"modified":"2023-05-17T10:48:21","modified_gmt":"2023-05-17T13:48:21","slug":"regiao-prefeitura-de-caatiba-presta-homenagem-ao-dia-do-gari","status":"publish","type":"post","link":"https:\/\/www.sudoestehoje.com.br\/novoportal\/2023\/05\/17\/regiao-prefeitura-de-caatiba-presta-homenagem-ao-dia-do-gari\/","title":{"rendered":"REGI\u00c3O | PREFEITURA DE CAATIBA PRESTA HOMENAGEM AO &#8216;DIA DO GARI&#8217;"},"content":{"rendered":"<p><a href=\"https:\/\/www.sudoestehoje.com.br\/novoportal\/wp-content\/uploads\/2023\/05\/347399498_787925809690702_5372868333904055347_n.jpg\"><img loading=\"lazy\" decoding=\"async\" class=\"aligncenter wp-image-109880\" src=\"https:\/\/www.sudoestehoje.com.br\/novoportal\/wp-content\/uploads\/2023\/05\/347399498_787925809690702_5372868333904055347_n.jpg\" alt=\"\" width=\"549\" height=\"636\" \/><\/a><\/p>\n<p><strong>A Prefeitura de Caatiba parabeniza e presta uma sincera homenagem aos valorosos garis do nosso munic\u00edpio. Neste Dia do Gari, reconhecemos o trabalho \u00e1rduo e dedicado desses profissionais, que diariamente garantem a limpeza e a higiene das nossas ruas, pra\u00e7as e espa\u00e7os p\u00fablicos.<\/strong><\/p>\n<p><strong>\u00c9 preciso destacar a import\u00e2ncia do trabalho dos garis, que lidam com desafios e condi\u00e7\u00f5es adversas, mas mant\u00eam sempre um sorriso no rosto e a determina\u00e7\u00e3o em fazer seu trabalho da melhor maneira poss\u00edvel. Eles s\u00e3o exemplo de dedica\u00e7\u00e3o e orgulho no que fazem, merecendo toda nossa gratid\u00e3o e reconhecimento.<\/strong><\/p>\n<p><strong>A todos os garis de Caatiba, nossa profunda admira\u00e7\u00e3o e respeito. Saibam que o trabalho de voc\u00eas n\u00e3o passa despercebido e \u00e9 fundamental para a nossa cidade.<\/strong><\/p>\n<p><strong>Parab\u00e9ns, garis de Caatiba! Voc\u00eas s\u00e3o exemplo de dedica\u00e7\u00e3o e servi\u00e7o p\u00fablico. Que este dia seja repleto de reconhecimento e alegria, e que possamos continuar contando com o trabalho valioso de voc\u00eas.<\/strong><\/p>\n","protected":false},"excerpt":{"rendered":"<p>A Prefeitura de Caatiba parabeniza e presta uma sincera homenagem aos valorosos garis do nosso munic\u00edpio. Neste Dia do Gari, reconhecemos o trabalho \u00e1rduo e dedicado desses profissionais, que diariamente garantem a limpeza e a higiene das nossas ruas, pra\u00e7as e espa\u00e7os p\u00fablicos. \u00c9 preciso destacar a import\u00e2ncia do trabalho dos garis, que lidam com [&hellip;]<\/p>\n","protected":false},"author":2,"featured_media":109880,"comment_status":"closed","ping_status":"open","sticky":false,"template":"","format":"standard","meta":{"footnotes":"","_links_to":"","_links_to_target":""},"categories":[1],"tags":[],"class_list":["post-109879","post","type-post","status-publish","format-standard","has-post-thumbnail","hentry","category-geral"],"views":740,"_links":{"self":[{"href":"https:\/\/www.sudoestehoje.com.br\/novoportal\/wp-json\/wp\/v2\/posts\/109879","targetHints":{"allow":["GET"]}}],"collection":[{"href":"https:\/\/www.sudoestehoje.com.br\/novoportal\/wp-json\/wp\/v2\/posts"}],"about":[{"href":"https:\/\/www.sudoestehoje.com.br\/novoportal\/wp-json\/wp\/v2\/types\/post"}],"author":[{"embeddable":true,"href":"https:\/\/www.sudoestehoje.com.br\/novoportal\/wp-json\/wp\/v2\/users\/2"}],"replies":[{"embeddable":true,"href":"https:\/\/www.sudoestehoje.com.br\/novoportal\/wp-json\/wp\/v2\/comments?post=109879"}],"version-history":[{"count":2,"href":"https:\/\/www.sudoestehoje.com.br\/novoportal\/wp-json\/wp\/v2\/posts\/109879\/revisions"}],"predecessor-version":[{"id":109882,"href":"https:\/\/www.sudoestehoje.com.br\/novoportal\/wp-json\/wp\/v2\/posts\/109879\/revisions\/109882"}],"wp:featuredmedia":[{"embeddable":true,"href":"https:\/\/www.sudoestehoje.com.br\/novoportal\/wp-json\/wp\/v2\/media\/109880"}],"wp:attachment":[{"href":"https:\/\/www.sudoestehoje.com.br\/novoportal\/wp-json\/wp\/v2\/media?parent=109879"}],"wp:term":[{"taxonomy":"category","embeddable":true,"href":"https:\/\/www.sudoestehoje.com.br\/novoportal\/wp-json\/wp\/v2\/categories?post=109879"},{"taxonomy":"post_tag","embeddable":true,"href":"https:\/\/www.sudoestehoje.com.br\/novoportal\/wp-json\/wp\/v2\/tags?post=109879"}],"curies":[{"name":"wp","href":"https:\/\/api.w.org\/{rel}","templated":true}]}}