
{"id":109849,"date":"2023-05-16T10:50:33","date_gmt":"2023-05-16T13:50:33","guid":{"rendered":"https:\/\/www.sudoestehoje.com.br\/novoportal\/?p=109849"},"modified":"2023-05-16T11:36:36","modified_gmt":"2023-05-16T14:36:36","slug":"itororo-dado-como-morto-edneu-oliveira-resiste-mas-quadro-e-irreversivel","status":"publish","type":"post","link":"https:\/\/www.sudoestehoje.com.br\/novoportal\/2023\/05\/16\/itororo-dado-como-morto-edneu-oliveira-resiste-mas-quadro-e-irreversivel\/","title":{"rendered":"ITOROR\u00d3 | DADO COMO MORTO, EDNEU OLIVEIRA RESISTE, MAS QUADRO \u00c9 IRREVERS\u00cdVEL"},"content":{"rendered":"<p><a href=\"https:\/\/www.sudoestehoje.com.br\/novoportal\/wp-content\/uploads\/2023\/05\/edineu.jpg\"><img loading=\"lazy\" decoding=\"async\" class=\"aligncenter wp-image-109851\" src=\"https:\/\/www.sudoestehoje.com.br\/novoportal\/wp-content\/uploads\/2023\/05\/edineu-600x382.jpg\" alt=\"\" width=\"551\" height=\"351\" srcset=\"https:\/\/www.sudoestehoje.com.br\/novoportal\/wp-content\/uploads\/2023\/05\/edineu-600x382.jpg 600w, https:\/\/www.sudoestehoje.com.br\/novoportal\/wp-content\/uploads\/2023\/05\/edineu-700x445.jpg 700w, https:\/\/www.sudoestehoje.com.br\/novoportal\/wp-content\/uploads\/2023\/05\/edineu.jpg 720w\" sizes=\"auto, (max-width: 551px) 100vw, 551px\" \/><\/a><\/p>\n<p><strong>Atrav\u00e9s de um lament\u00e1vel erro de comunica\u00e7\u00e3o, o ex-prefeito de Itoror\u00f3, Edneu Oliveira, foi dado como morto na \u00faltima segunda-feira (15), induzindo toda a imprensa regional e estadual e noticiar o seu suposto falecimento.<\/strong><\/p>\n<p><strong>Al\u00e9m de toda a imprensa baiana, \u00f3rg\u00e3os e autoridades de toda a Bahia emitiram notas de pesar lamentando o suposto falecimento, que ainda n\u00e3o ocorreu, segundo os m\u00e9dicos da unidade hospitalar em que ele se encontra em tratamento.<\/strong><\/p>\n<p><strong>O QUADRO \u00c9 IRREVERS\u00cdVEL SEGUNDO PARENTES<\/strong><\/p>\n<p><strong>De acordo com informa\u00e7\u00f5es da fam\u00edlia e da equipe m\u00e9dica, Edneu est\u00e1 sendo mantido vivo por aparelhos, embora tenha havido &#8220;fal\u00eancia m\u00faltipla dos \u00f3rg\u00e3os&#8221;, exceto do cora\u00e7\u00e3o, que ainda bate com menor frequ\u00eancia.<\/strong><\/p>\n<p><strong>Os familiares lamentam o grave mal entendido e aguardam uma defini\u00e7\u00e3o do quadro cl\u00ednico, para se manifestarem. A op\u00e7\u00e3o de desligamento dos aparelhos \u00e9 descartada, de acordo com membros da fam\u00edlia.<\/strong><\/p>\n<p><strong>Por Davi Ferraz<\/strong><\/p>\n","protected":false},"excerpt":{"rendered":"<p>Atrav\u00e9s de um lament\u00e1vel erro de comunica\u00e7\u00e3o, o ex-prefeito de Itoror\u00f3, Edneu Oliveira, foi dado como morto na \u00faltima segunda-feira (15), induzindo toda a imprensa regional e estadual e noticiar o seu suposto falecimento. Al\u00e9m de toda a imprensa baiana, \u00f3rg\u00e3os e autoridades de toda a Bahia emitiram notas de pesar lamentando o suposto falecimento, [&hellip;]<\/p>\n","protected":false},"author":2,"featured_media":109851,"comment_status":"closed","ping_status":"open","sticky":false,"template":"","format":"standard","meta":{"footnotes":"","_links_to":"","_links_to_target":""},"categories":[1],"tags":[],"class_list":["post-109849","post","type-post","status-publish","format-standard","has-post-thumbnail","hentry","category-geral"],"views":1384,"_links":{"self":[{"href":"https:\/\/www.sudoestehoje.com.br\/novoportal\/wp-json\/wp\/v2\/posts\/109849","targetHints":{"allow":["GET"]}}],"collection":[{"href":"https:\/\/www.sudoestehoje.com.br\/novoportal\/wp-json\/wp\/v2\/posts"}],"about":[{"href":"https:\/\/www.sudoestehoje.com.br\/novoportal\/wp-json\/wp\/v2\/types\/post"}],"author":[{"embeddable":true,"href":"https:\/\/www.sudoestehoje.com.br\/novoportal\/wp-json\/wp\/v2\/users\/2"}],"replies":[{"embeddable":true,"href":"https:\/\/www.sudoestehoje.com.br\/novoportal\/wp-json\/wp\/v2\/comments?post=109849"}],"version-history":[{"count":2,"href":"https:\/\/www.sudoestehoje.com.br\/novoportal\/wp-json\/wp\/v2\/posts\/109849\/revisions"}],"predecessor-version":[{"id":109853,"href":"https:\/\/www.sudoestehoje.com.br\/novoportal\/wp-json\/wp\/v2\/posts\/109849\/revisions\/109853"}],"wp:featuredmedia":[{"embeddable":true,"href":"https:\/\/www.sudoestehoje.com.br\/novoportal\/wp-json\/wp\/v2\/media\/109851"}],"wp:attachment":[{"href":"https:\/\/www.sudoestehoje.com.br\/novoportal\/wp-json\/wp\/v2\/media?parent=109849"}],"wp:term":[{"taxonomy":"category","embeddable":true,"href":"https:\/\/www.sudoestehoje.com.br\/novoportal\/wp-json\/wp\/v2\/categories?post=109849"},{"taxonomy":"post_tag","embeddable":true,"href":"https:\/\/www.sudoestehoje.com.br\/novoportal\/wp-json\/wp\/v2\/tags?post=109849"}],"curies":[{"name":"wp","href":"https:\/\/api.w.org\/{rel}","templated":true}]}}