
{"id":109821,"date":"2023-05-14T16:00:22","date_gmt":"2023-05-14T19:00:22","guid":{"rendered":"https:\/\/www.sudoestehoje.com.br\/novoportal\/?p=109821"},"modified":"2023-05-14T16:00:22","modified_gmt":"2023-05-14T19:00:22","slug":"regiao-morre-edneu-oliveira-ex-prefeito-da-vizinha-cidade-de-itororo","status":"publish","type":"post","link":"https:\/\/www.sudoestehoje.com.br\/novoportal\/2023\/05\/14\/regiao-morre-edneu-oliveira-ex-prefeito-da-vizinha-cidade-de-itororo\/","title":{"rendered":"REGI\u00c3O | MORRE EDNEU OLIVEIRA, EX-PREFEITO DA VIZINHA CIDADE DE ITOROR\u00d3"},"content":{"rendered":"<p><a href=\"https:\/\/www.sudoestehoje.com.br\/novoportal\/wp-content\/uploads\/2023\/05\/edineu-oliveira-itororo.webp\"><img loading=\"lazy\" decoding=\"async\" class=\"aligncenter  wp-image-109824\" src=\"https:\/\/www.sudoestehoje.com.br\/novoportal\/wp-content\/uploads\/2023\/05\/edineu-oliveira-itororo.webp\" alt=\"\" width=\"551\" height=\"351\" \/><\/a><\/p>\n<p><strong>Faleceu neste domingo, na capital do estado, Edneu Oliveira, ex-prefeito da cidade de Itoror\u00f3, no M\u00e9dio Sudoeste da Bahia, conhecida como a &#8216;Terra da Carne de Sol&#8217;. Edneu tentava se tratar de um AVC, mas a sua sa\u00fade prec\u00e1ria acabou levando-o a \u00f3bito em um hospital de Salvador.<\/strong><\/p>\n<p><strong>Edneu tinha 67 anos, era pecuarista e comerciante, e durante a d\u00e9cada de 1990, exerceu forte lideran\u00e7a pol\u00edtica na cidade, pelo extinto PFL, hoje Uni\u00e3o Brasil.<\/strong><\/p>\n<p><strong>Em uma das suas gest\u00f5es, Edneu deixou a sua marca na cidade, criando o\u00a0 &#8216;FESTIVAL DA CARNE DO SOL&#8217;, festa junina que popularizou seu principal produto agropecu\u00e1rio em toda a Bahia, como uma das melhores carnes de sol do estado.<\/strong><\/p>\n<p><strong>O Sudoeste Hoje lamenta a perda do amigo Edneu, estendendo o seu pesar aos familiares e amigo. O funeral e sepultamento dever\u00e1 ocorrer em Itoror\u00f3, nesta segunda-feira (15).<\/strong><\/p>\n<p><strong>Davi Ferraz &#8211; Editor<\/strong><\/p>\n","protected":false},"excerpt":{"rendered":"<p>Faleceu neste domingo, na capital do estado, Edneu Oliveira, ex-prefeito da cidade de Itoror\u00f3, no M\u00e9dio Sudoeste da Bahia, conhecida como a &#8216;Terra da Carne de Sol&#8217;. Edneu tentava se tratar de um AVC, mas a sua sa\u00fade prec\u00e1ria acabou levando-o a \u00f3bito em um hospital de Salvador. Edneu tinha 67 anos, era pecuarista e [&hellip;]<\/p>\n","protected":false},"author":2,"featured_media":109824,"comment_status":"closed","ping_status":"open","sticky":false,"template":"","format":"standard","meta":{"footnotes":"","_links_to":"","_links_to_target":""},"categories":[1],"tags":[],"class_list":["post-109821","post","type-post","status-publish","format-standard","has-post-thumbnail","hentry","category-geral"],"views":931,"_links":{"self":[{"href":"https:\/\/www.sudoestehoje.com.br\/novoportal\/wp-json\/wp\/v2\/posts\/109821","targetHints":{"allow":["GET"]}}],"collection":[{"href":"https:\/\/www.sudoestehoje.com.br\/novoportal\/wp-json\/wp\/v2\/posts"}],"about":[{"href":"https:\/\/www.sudoestehoje.com.br\/novoportal\/wp-json\/wp\/v2\/types\/post"}],"author":[{"embeddable":true,"href":"https:\/\/www.sudoestehoje.com.br\/novoportal\/wp-json\/wp\/v2\/users\/2"}],"replies":[{"embeddable":true,"href":"https:\/\/www.sudoestehoje.com.br\/novoportal\/wp-json\/wp\/v2\/comments?post=109821"}],"version-history":[{"count":4,"href":"https:\/\/www.sudoestehoje.com.br\/novoportal\/wp-json\/wp\/v2\/posts\/109821\/revisions"}],"predecessor-version":[{"id":109826,"href":"https:\/\/www.sudoestehoje.com.br\/novoportal\/wp-json\/wp\/v2\/posts\/109821\/revisions\/109826"}],"wp:featuredmedia":[{"embeddable":true,"href":"https:\/\/www.sudoestehoje.com.br\/novoportal\/wp-json\/wp\/v2\/media\/109824"}],"wp:attachment":[{"href":"https:\/\/www.sudoestehoje.com.br\/novoportal\/wp-json\/wp\/v2\/media?parent=109821"}],"wp:term":[{"taxonomy":"category","embeddable":true,"href":"https:\/\/www.sudoestehoje.com.br\/novoportal\/wp-json\/wp\/v2\/categories?post=109821"},{"taxonomy":"post_tag","embeddable":true,"href":"https:\/\/www.sudoestehoje.com.br\/novoportal\/wp-json\/wp\/v2\/tags?post=109821"}],"curies":[{"name":"wp","href":"https:\/\/api.w.org\/{rel}","templated":true}]}}