
{"id":109818,"date":"2023-05-13T08:54:23","date_gmt":"2023-05-13T11:54:23","guid":{"rendered":"https:\/\/www.sudoestehoje.com.br\/novoportal\/?p=109818"},"modified":"2023-05-13T08:54:23","modified_gmt":"2023-05-13T11:54:23","slug":"luto-morre-pedro-pires-pecuarista-e-ex-gerente-do-banco-economico","status":"publish","type":"post","link":"https:\/\/www.sudoestehoje.com.br\/novoportal\/2023\/05\/13\/luto-morre-pedro-pires-pecuarista-e-ex-gerente-do-banco-economico\/","title":{"rendered":"LUTO | MORRE PEDRO PIRES, PECUARISTA E EX-GERENTE DO BANCO ECON\u00d4MICO"},"content":{"rendered":"<p><a href=\"https:\/\/www.sudoestehoje.com.br\/novoportal\/wp-content\/uploads\/2023\/05\/Pedro-Pires.jpg\"><img loading=\"lazy\" decoding=\"async\" class=\"aligncenter  wp-image-109819\" src=\"https:\/\/www.sudoestehoje.com.br\/novoportal\/wp-content\/uploads\/2023\/05\/Pedro-Pires.jpg\" alt=\"\" width=\"551\" height=\"413\" \/><\/a><\/p>\n<p><strong>Faleceu, neste s\u00e1bado (13), de causas naturais, o pecuarista, empres\u00e1rio e ex-gerente do extinto Banco Econ\u00f4mico em Itapetinga, Pedro Pires, pessoa querida e bem relacionada em toda a regi\u00e3o. <\/strong><\/p>\n<p><strong>Pedrinho era natural de Rui Barbosa, na Chapada Diamantina, mas sempre foi itapetinguense de cora\u00e7\u00e3o, participando das decis\u00f5es importantes no munic\u00edpio, desde os anos 1960.<\/strong><\/p>\n<p><strong>Deixa a esposa \u00a0esposa Marisa e seus filhos, Andrea Carolina, secret\u00e1ria municipal de Desenvolvimento Social, Alexandre\u00a0 (Xand\u00e3o) e Luciana.<\/strong><\/p>\n<p><strong>O Sudoeste Hoje lamenta a passagem do amigo e transmite o seu pesar aos familiares e amigos.<\/strong><\/p>\n<p><strong>Davi Ferraz &#8211; Editor<\/strong><\/p>\n","protected":false},"excerpt":{"rendered":"<p>Faleceu, neste s\u00e1bado (13), de causas naturais, o pecuarista, empres\u00e1rio e ex-gerente do extinto Banco Econ\u00f4mico em Itapetinga, Pedro Pires, pessoa querida e bem relacionada em toda a regi\u00e3o. Pedrinho era natural de Rui Barbosa, na Chapada Diamantina, mas sempre foi itapetinguense de cora\u00e7\u00e3o, participando das decis\u00f5es importantes no munic\u00edpio, desde os anos 1960. Deixa [&hellip;]<\/p>\n","protected":false},"author":2,"featured_media":109819,"comment_status":"closed","ping_status":"open","sticky":false,"template":"","format":"standard","meta":{"footnotes":"","_links_to":"","_links_to_target":""},"categories":[1],"tags":[],"class_list":["post-109818","post","type-post","status-publish","format-standard","has-post-thumbnail","hentry","category-geral"],"views":2209,"_links":{"self":[{"href":"https:\/\/www.sudoestehoje.com.br\/novoportal\/wp-json\/wp\/v2\/posts\/109818","targetHints":{"allow":["GET"]}}],"collection":[{"href":"https:\/\/www.sudoestehoje.com.br\/novoportal\/wp-json\/wp\/v2\/posts"}],"about":[{"href":"https:\/\/www.sudoestehoje.com.br\/novoportal\/wp-json\/wp\/v2\/types\/post"}],"author":[{"embeddable":true,"href":"https:\/\/www.sudoestehoje.com.br\/novoportal\/wp-json\/wp\/v2\/users\/2"}],"replies":[{"embeddable":true,"href":"https:\/\/www.sudoestehoje.com.br\/novoportal\/wp-json\/wp\/v2\/comments?post=109818"}],"version-history":[{"count":1,"href":"https:\/\/www.sudoestehoje.com.br\/novoportal\/wp-json\/wp\/v2\/posts\/109818\/revisions"}],"predecessor-version":[{"id":109820,"href":"https:\/\/www.sudoestehoje.com.br\/novoportal\/wp-json\/wp\/v2\/posts\/109818\/revisions\/109820"}],"wp:featuredmedia":[{"embeddable":true,"href":"https:\/\/www.sudoestehoje.com.br\/novoportal\/wp-json\/wp\/v2\/media\/109819"}],"wp:attachment":[{"href":"https:\/\/www.sudoestehoje.com.br\/novoportal\/wp-json\/wp\/v2\/media?parent=109818"}],"wp:term":[{"taxonomy":"category","embeddable":true,"href":"https:\/\/www.sudoestehoje.com.br\/novoportal\/wp-json\/wp\/v2\/categories?post=109818"},{"taxonomy":"post_tag","embeddable":true,"href":"https:\/\/www.sudoestehoje.com.br\/novoportal\/wp-json\/wp\/v2\/tags?post=109818"}],"curies":[{"name":"wp","href":"https:\/\/api.w.org\/{rel}","templated":true}]}}