
{"id":109810,"date":"2023-05-13T01:34:25","date_gmt":"2023-05-13T04:34:25","guid":{"rendered":"https:\/\/www.sudoestehoje.com.br\/novoportal\/?p=109810"},"modified":"2023-05-13T01:39:52","modified_gmt":"2023-05-13T04:39:52","slug":"pre-candidato-a-prefeito-luciano-almeida-circula-pelo-parque-de-exposicoes","status":"publish","type":"post","link":"https:\/\/www.sudoestehoje.com.br\/novoportal\/2023\/05\/13\/pre-candidato-a-prefeito-luciano-almeida-circula-pelo-parque-de-exposicoes\/","title":{"rendered":"PR\u00c9-CANDIDATO A PREFEITO, LUCIANO ALMEIDA CIRCULA PELO PARQUE DE EXPOSI\u00c7\u00d5ES"},"content":{"rendered":"<p><a href=\"https:\/\/www.sudoestehoje.com.br\/novoportal\/wp-content\/uploads\/2023\/05\/206d517a-8dbc-4621-8564-11a7849f89ea.jpg\"><img loading=\"lazy\" decoding=\"async\" class=\"aligncenter wp-image-109814\" src=\"https:\/\/www.sudoestehoje.com.br\/novoportal\/wp-content\/uploads\/2023\/05\/206d517a-8dbc-4621-8564-11a7849f89ea-600x338.jpg\" alt=\"\" width=\"550\" height=\"310\" srcset=\"https:\/\/www.sudoestehoje.com.br\/novoportal\/wp-content\/uploads\/2023\/05\/206d517a-8dbc-4621-8564-11a7849f89ea-600x338.jpg 600w, https:\/\/www.sudoestehoje.com.br\/novoportal\/wp-content\/uploads\/2023\/05\/206d517a-8dbc-4621-8564-11a7849f89ea-700x394.jpg 700w, https:\/\/www.sudoestehoje.com.br\/novoportal\/wp-content\/uploads\/2023\/05\/206d517a-8dbc-4621-8564-11a7849f89ea-768x432.jpg 768w, https:\/\/www.sudoestehoje.com.br\/novoportal\/wp-content\/uploads\/2023\/05\/206d517a-8dbc-4621-8564-11a7849f89ea-1536x865.jpg 1536w, https:\/\/www.sudoestehoje.com.br\/novoportal\/wp-content\/uploads\/2023\/05\/206d517a-8dbc-4621-8564-11a7849f89ea.jpg 1600w\" sizes=\"auto, (max-width: 550px) 100vw, 550px\" \/><\/a><\/p>\n<p><strong>Na noite desta sexta-feira (12), o secret\u00e1rio municipal do Meio Ambiente, Luciano Almeida, representou o prefeito Rodrigo Hagge na solenidade oficial de hasteamento das bandeiras, no primeiro dia da 51\u00aa Exposi\u00e7\u00e3o Agropecu\u00e1ria de Itapetinga, &#8216;Capital da Pecu\u00e1ria Baiana&#8217;.<\/strong><\/p>\n<p><strong>Pr\u00e9-candidato a prefeito de Itapetinga pelo MDB, Luciano circulou pelo parque de exposi\u00e7\u00f5es ao lado da sua esposa Luciana, sendo cumprimentado por amigos e apoiadores.<\/strong><\/p>\n<p><a href=\"https:\/\/www.sudoestehoje.com.br\/novoportal\/wp-content\/uploads\/2023\/05\/75c83bc7-4986-41a3-a39d-97d5ce512f9f.jpg\"><img loading=\"lazy\" decoding=\"async\" class=\"aligncenter  wp-image-109813\" src=\"https:\/\/www.sudoestehoje.com.br\/novoportal\/wp-content\/uploads\/2023\/05\/75c83bc7-4986-41a3-a39d-97d5ce512f9f-600x338.jpg\" alt=\"\" width=\"550\" height=\"310\" srcset=\"https:\/\/www.sudoestehoje.com.br\/novoportal\/wp-content\/uploads\/2023\/05\/75c83bc7-4986-41a3-a39d-97d5ce512f9f-600x338.jpg 600w, https:\/\/www.sudoestehoje.com.br\/novoportal\/wp-content\/uploads\/2023\/05\/75c83bc7-4986-41a3-a39d-97d5ce512f9f-700x394.jpg 700w, https:\/\/www.sudoestehoje.com.br\/novoportal\/wp-content\/uploads\/2023\/05\/75c83bc7-4986-41a3-a39d-97d5ce512f9f-768x432.jpg 768w, https:\/\/www.sudoestehoje.com.br\/novoportal\/wp-content\/uploads\/2023\/05\/75c83bc7-4986-41a3-a39d-97d5ce512f9f-1536x865.jpg 1536w, https:\/\/www.sudoestehoje.com.br\/novoportal\/wp-content\/uploads\/2023\/05\/75c83bc7-4986-41a3-a39d-97d5ce512f9f.jpg 1600w\" sizes=\"auto, (max-width: 550px) 100vw, 550px\" \/><\/a><\/p>\n<p><strong>A abertura oficial da exposi\u00e7\u00e3o ocorrer\u00e1 na pr\u00f3xima ter\u00e7a-feira (16), no Tatesal do Parque Juvino Oliveira, com a participa\u00e7\u00e3o dos organizadores, autoridades, produtores rurais e convidados.<\/strong><\/p>\n<p><strong>Por Davi Ferraz<\/strong><\/p>\n","protected":false},"excerpt":{"rendered":"<p>Na noite desta sexta-feira (12), o secret\u00e1rio municipal do Meio Ambiente, Luciano Almeida, representou o prefeito Rodrigo Hagge na solenidade oficial de hasteamento das bandeiras, no primeiro dia da 51\u00aa Exposi\u00e7\u00e3o Agropecu\u00e1ria de Itapetinga, &#8216;Capital da Pecu\u00e1ria Baiana&#8217;. Pr\u00e9-candidato a prefeito de Itapetinga pelo MDB, Luciano circulou pelo parque de exposi\u00e7\u00f5es ao lado da sua [&hellip;]<\/p>\n","protected":false},"author":2,"featured_media":109814,"comment_status":"closed","ping_status":"open","sticky":false,"template":"","format":"standard","meta":{"footnotes":"","_links_to":"","_links_to_target":""},"categories":[1],"tags":[],"class_list":["post-109810","post","type-post","status-publish","format-standard","has-post-thumbnail","hentry","category-geral"],"views":1372,"_links":{"self":[{"href":"https:\/\/www.sudoestehoje.com.br\/novoportal\/wp-json\/wp\/v2\/posts\/109810","targetHints":{"allow":["GET"]}}],"collection":[{"href":"https:\/\/www.sudoestehoje.com.br\/novoportal\/wp-json\/wp\/v2\/posts"}],"about":[{"href":"https:\/\/www.sudoestehoje.com.br\/novoportal\/wp-json\/wp\/v2\/types\/post"}],"author":[{"embeddable":true,"href":"https:\/\/www.sudoestehoje.com.br\/novoportal\/wp-json\/wp\/v2\/users\/2"}],"replies":[{"embeddable":true,"href":"https:\/\/www.sudoestehoje.com.br\/novoportal\/wp-json\/wp\/v2\/comments?post=109810"}],"version-history":[{"count":3,"href":"https:\/\/www.sudoestehoje.com.br\/novoportal\/wp-json\/wp\/v2\/posts\/109810\/revisions"}],"predecessor-version":[{"id":109817,"href":"https:\/\/www.sudoestehoje.com.br\/novoportal\/wp-json\/wp\/v2\/posts\/109810\/revisions\/109817"}],"wp:featuredmedia":[{"embeddable":true,"href":"https:\/\/www.sudoestehoje.com.br\/novoportal\/wp-json\/wp\/v2\/media\/109814"}],"wp:attachment":[{"href":"https:\/\/www.sudoestehoje.com.br\/novoportal\/wp-json\/wp\/v2\/media?parent=109810"}],"wp:term":[{"taxonomy":"category","embeddable":true,"href":"https:\/\/www.sudoestehoje.com.br\/novoportal\/wp-json\/wp\/v2\/categories?post=109810"},{"taxonomy":"post_tag","embeddable":true,"href":"https:\/\/www.sudoestehoje.com.br\/novoportal\/wp-json\/wp\/v2\/tags?post=109810"}],"curies":[{"name":"wp","href":"https:\/\/api.w.org\/{rel}","templated":true}]}}