
{"id":109704,"date":"2023-05-08T17:37:28","date_gmt":"2023-05-08T20:37:28","guid":{"rendered":"https:\/\/www.sudoestehoje.com.br\/novoportal\/?p=109704"},"modified":"2023-05-08T17:37:28","modified_gmt":"2023-05-08T20:37:28","slug":"governo-da-bahia-propoe-4-de-aumento-aos-servidores-e-4-de-reajuste-no-planserv","status":"publish","type":"post","link":"https:\/\/www.sudoestehoje.com.br\/novoportal\/2023\/05\/08\/governo-da-bahia-propoe-4-de-aumento-aos-servidores-e-4-de-reajuste-no-planserv\/","title":{"rendered":"GOVERNO DA BAHIA PROP\u00d5E 4% DE AUMENTO AOS SERVIDORES E 4% DE REAJUSTE NO PLANSERV"},"content":{"rendered":"<p><a href=\"https:\/\/www.sudoestehoje.com.br\/novoportal\/wp-content\/uploads\/2023\/05\/3881-achei-sudoeste-cartao-planserv.webp\"><img loading=\"lazy\" decoding=\"async\" class=\"aligncenter  wp-image-109708\" src=\"https:\/\/www.sudoestehoje.com.br\/novoportal\/wp-content\/uploads\/2023\/05\/3881-achei-sudoeste-cartao-planserv-600x400.webp\" alt=\"\" width=\"551\" height=\"367\" srcset=\"https:\/\/www.sudoestehoje.com.br\/novoportal\/wp-content\/uploads\/2023\/05\/3881-achei-sudoeste-cartao-planserv-600x400.webp 600w, https:\/\/www.sudoestehoje.com.br\/novoportal\/wp-content\/uploads\/2023\/05\/3881-achei-sudoeste-cartao-planserv-700x467.webp 700w, https:\/\/www.sudoestehoje.com.br\/novoportal\/wp-content\/uploads\/2023\/05\/3881-achei-sudoeste-cartao-planserv.webp 750w\" sizes=\"auto, (max-width: 551px) 100vw, 551px\" \/><\/a><\/p>\n<p class=\"bodytext\"><strong>O Governo da Bahia enviou\u00a0para a Assembleia Legislativa (AL-BA) o Projeto de Lei que visa o aumento da\u00a0contribui\u00e7\u00e3o ao Planserv, sistema de assist\u00eancia \u00e0 sa\u00fade\u00a0dos servidores p\u00fablicos do estado.<\/strong><\/p>\n<p class=\"bodytext\"><strong>Em nota divulgada nesta segunda-feira (8), o Governo informou que o PL\u00a0atualiza\u00a0a tabela de contribui\u00e7\u00e3o em 4%, para quem tem vencimentos at\u00e9 R$10 mil (85% do total de benefici\u00e1rios titulares), e em 8% (15% do total de titulares), para quem recebe acima desse valor.\u00a0<\/strong><\/p>\n<p><strong>D\u00c1 COM UMA M\u00c3O E TIRA COM A OUTRA<\/strong><\/p>\n<p><strong>Na semana passada, o governo havia encaminhado projeto de lei \u00e0 Assembleia Legislativa, propondo aumento linear de 4% para todos os servidores da Bahia, que agora perde a sua efic\u00e1cia com a corre\u00e7\u00e3o, no mesmo percentual, do desconto do Planserv.\u00a0 Deu com uma m\u00e3o e tirou com a outra.<\/strong><\/p>\n<p><strong>A proposta de aumento do Planserv agora ser\u00e1 analisada pela Assembleia Legislativa, e ainda n\u00e3o h\u00e1 previs\u00e3o para a vota\u00e7\u00e3o.<\/strong><\/p>\n<p><strong>Reda\u00e7\u00e3o<\/strong><\/p>\n","protected":false},"excerpt":{"rendered":"<p>O Governo da Bahia enviou\u00a0para a Assembleia Legislativa (AL-BA) o Projeto de Lei que visa o aumento da\u00a0contribui\u00e7\u00e3o ao Planserv, sistema de assist\u00eancia \u00e0 sa\u00fade\u00a0dos servidores p\u00fablicos do estado. Em nota divulgada nesta segunda-feira (8), o Governo informou que o PL\u00a0atualiza\u00a0a tabela de contribui\u00e7\u00e3o em 4%, para quem tem vencimentos at\u00e9 R$10 mil (85% do [&hellip;]<\/p>\n","protected":false},"author":2,"featured_media":109708,"comment_status":"closed","ping_status":"open","sticky":false,"template":"","format":"standard","meta":{"footnotes":"","_links_to":"","_links_to_target":""},"categories":[1],"tags":[],"class_list":["post-109704","post","type-post","status-publish","format-standard","has-post-thumbnail","hentry","category-geral"],"views":1169,"_links":{"self":[{"href":"https:\/\/www.sudoestehoje.com.br\/novoportal\/wp-json\/wp\/v2\/posts\/109704","targetHints":{"allow":["GET"]}}],"collection":[{"href":"https:\/\/www.sudoestehoje.com.br\/novoportal\/wp-json\/wp\/v2\/posts"}],"about":[{"href":"https:\/\/www.sudoestehoje.com.br\/novoportal\/wp-json\/wp\/v2\/types\/post"}],"author":[{"embeddable":true,"href":"https:\/\/www.sudoestehoje.com.br\/novoportal\/wp-json\/wp\/v2\/users\/2"}],"replies":[{"embeddable":true,"href":"https:\/\/www.sudoestehoje.com.br\/novoportal\/wp-json\/wp\/v2\/comments?post=109704"}],"version-history":[{"count":4,"href":"https:\/\/www.sudoestehoje.com.br\/novoportal\/wp-json\/wp\/v2\/posts\/109704\/revisions"}],"predecessor-version":[{"id":109709,"href":"https:\/\/www.sudoestehoje.com.br\/novoportal\/wp-json\/wp\/v2\/posts\/109704\/revisions\/109709"}],"wp:featuredmedia":[{"embeddable":true,"href":"https:\/\/www.sudoestehoje.com.br\/novoportal\/wp-json\/wp\/v2\/media\/109708"}],"wp:attachment":[{"href":"https:\/\/www.sudoestehoje.com.br\/novoportal\/wp-json\/wp\/v2\/media?parent=109704"}],"wp:term":[{"taxonomy":"category","embeddable":true,"href":"https:\/\/www.sudoestehoje.com.br\/novoportal\/wp-json\/wp\/v2\/categories?post=109704"},{"taxonomy":"post_tag","embeddable":true,"href":"https:\/\/www.sudoestehoje.com.br\/novoportal\/wp-json\/wp\/v2\/tags?post=109704"}],"curies":[{"name":"wp","href":"https:\/\/api.w.org\/{rel}","templated":true}]}}