
{"id":10964,"date":"2011-12-04T13:48:18","date_gmt":"2011-12-04T16:48:18","guid":{"rendered":"http:\/\/www.sudoestehoje.com.br\/novoportal\/?p=10964"},"modified":"2011-12-04T13:48:18","modified_gmt":"2011-12-04T16:48:18","slug":"morre-o-ex-craque-socrates","status":"publish","type":"post","link":"https:\/\/www.sudoestehoje.com.br\/novoportal\/2011\/12\/04\/morre-o-ex-craque-socrates\/","title":{"rendered":"MORRE O EX-CRAQUE S\u00d3CRATES"},"content":{"rendered":"<p style=\"text-align: center;\"><img loading=\"lazy\" decoding=\"async\" class=\"aligncenter\" src=\"http:\/\/l.yimg.com\/bt\/api\/res\/1.2\/0yqLC_ed2tBWpw3KyWiZcw--\/YXBwaWQ9eW5ld3M7Zmk9aW5zZXQ7aD00NzM7cT04NTt3PTYzMA--\/http:\/\/l.yimg.com\/os\/274\/2011\/12\/04\/6socrates_122917.jpg\" alt=\"16\/05\/1982. Durante a fase preparat\u00f3ria do Brasil para a Copa do Mundo de 82, o t\u00e9cnico Tel\u00ea Santana (centro)   posa para foto junto dos jogadores S\u00f3crates (esq.) e Zico.\" width=\"500\" height=\"375\" \/><\/p>\n<p style=\"text-align: center;\"><em><strong>Durante a fase preparat\u00f3ria do Brasil para a Copa do Mundo de 82, o t\u00e9cnico Tel\u00ea Santana (centro) posa para foto junto dos jogadores S\u00f3crates (esq.) e Zico.<\/strong><\/em><\/p>\n<p>Internado desde a noite da \u00faltima quinta-feira, em raz\u00e3o de uma infec\u00e7\u00e3o intestinal causada por bact\u00e9ria, o ex-jogador S\u00f3crates, de 57 anos, morreu \u00e0s 4h30 desta manh\u00e3 de domingo. Ele foi internado pela primeira vez em 19 de agosto, com uma hemorragia digestiva causada pelo consumo prolongado de \u00e1lcool.\u00a0S\u00f3crates, um dos grandes craques da d\u00e9cada de 1980 e um dos atletas mais influentes da hist\u00f3ria do esporte brasileiro, morreu \u00e0s 4h30 da manh\u00e3 deste domingo, em S\u00e3o Paulo.\u00a0Ele tinha 57 anos.\u00a0O \u00eddolo estava internado desde a \u00faltima quinta-feira em raz\u00e3o de uma infec\u00e7\u00e3o intestinal. Ele havia apresentado uma leve melhora na noite de s\u00e1bado na UTI do Hospital Albert Einstein.<!--more--><\/p>\n<p>O ex-atleta\u00a0estava sedado e respirava por aparelhos. Os rins de S\u00f3crates passaram por um processo de di\u00e1lise para ajudar a filtrar as impurezas do sangue \u2500 apesar disso, os rins n\u00e3o estariam prejudicados.Segundo nota divulgada pelo hospital, S\u00f3crates Brasileiro Sampaio de Sousa Vieira de Oliveira faleceu em consequ\u00eancia de um choque s\u00e9ptico. Ele ser\u00e1 enterrado neste domingo, \u00e0s 17 horas, no cemit\u00e9rio Bom Pastor, em Ribeir\u00e3o Preto, interior de S\u00e3o Paulo.<\/p>\n<p>Meio-campista extremamente inteligente, inventivo e habilidoso, foi \u00eddolo do Corinthians e capit\u00e3o da sele\u00e7\u00e3o brasileira na Copa do Mundo de 1982, apesar de reconhecer que jamais cultivou os h\u00e1bitos necess\u00e1rios para o desempenho ideal de um atleta de ponta. Caso raro de esportista que conciliou a carreira com uma forma\u00e7\u00e3o universit\u00e1ria, e mais raro ainda por ter conclu\u00eddo o curso de Medicina, S\u00f3crates admitia o v\u00edcio em tabaco e \u00e1lcool, subst\u00e2ncias que desencadearam uma s\u00e9rie de complica\u00e7\u00f5es de sa\u00fade nos \u00faltimos meses. Antes de ser levado ao Hospital Albert Einstein pela \u00faltima vez &#8211; foi internado j\u00e1 em estado grave na UTI, com quadro de choque s\u00e9ptico de origem intestinal &#8211; ele j\u00e1 havia sido internado em duas ocasi\u00f5es. No total, tinha perdido 30 quilos por causa dos problemas ligados aos efeitos de seu consumo excessivo de bebidas.<\/p>\n<p>O craque lutava contra sangramentos no est\u00f4mago em virtude de uma hipertens\u00e3o portal. A interna\u00e7\u00e3o anterior no Hospital Albert Einstein aconteceu em setembro, quando ele j\u00e1 havia sido diagnosticado como paciente sob risco de vida. Ele j\u00e1 tinha escapado de outro quadro grav\u00edssimo em agosto &#8211; internado no dia 20, passou uma semana sob cuidados m\u00e9dicos.\u00a0Um dia depois de deixar o hospital, admitiu que foi dependente de \u00e1lcool, mas garantiu ter largado o v\u00edcio. O ex-jogador tamb\u00e9m revelou ter um ponto de cirrose no f\u00edgado, que requeria s\u00e9rios cuidados. S\u00f3crates n\u00e3o descartava um transplante, mas n\u00e3o queria furar a fila de espera.\u00a0At\u00e9 ser\u00a0internado, era comentarista esportivo da TV Cultura e tamb\u00e9m escrevia\u00a0artigos e colunas para jornais e revistas. Ao escrever ou comentar futebol, mostrava duas das principais marcas de sua personalidade: a capacidade intelectual e o engajamento ideol\u00f3gico. Simpatizante de partidos de esquerda, comandou o movimento da Democracia Corintiana e participou dos com\u00edcios das Diretas J\u00e1, no in\u00edcio dos anos 1980.\u00a0Al\u00e9m de brilhar pelo Corinthians,\u00a0S\u00f3crates tamb\u00e9m jogou no Botafogo de Ribeir\u00e3o Preto, Flamengo e Santos.<\/p>\n<p>Al\u00e9m de se destacar como um dos l\u00edderes da inesquec\u00edvel sele\u00e7\u00e3o brasileira da Copa de 1982, participou tamb\u00e9m do Mundial de 1986. Tanto na Espanha como no M\u00e9xico, a sele\u00e7\u00e3o foi comandada por Tel\u00ea Santana &#8211; que tinha em S\u00f3crates uma figura de confian\u00e7a e lideran\u00e7a em campo &#8211; e, apesar de brilhar, amargou apenas a quinta coloca\u00e7\u00e3o. A essa altura da carreira, S\u00f3crates j\u00e1 era o &#8220;Doutor&#8221; &#8211; apelido que fazia refer\u00eancia \u00e0 forma\u00e7\u00e3o em Medicina, que cursou enquanto come\u00e7ava a carreira no futebol. (&#8220;Magr\u00e3o&#8221; foi outro apelido famoso, mais usado pelos colegas de equipe).\u00a0O primeiro clube de S\u00f3crates foi o Botafogo de Ribeir\u00e3o Preto. Com excelentes atua\u00e7\u00f5es pela equipe do interior paulista, acertou sua transfer\u00eancia para o Corinthians, onde teve o melhor desempenho e conquistou as maiores gl\u00f3rias de uma carreira relativamente escasssa em t\u00edtulos &#8211; foram tr\u00eas Campeonatos Paulistas, al\u00e9m de um Carioca pelo Flamengo. No centen\u00e1rio da Fifa, em 2004, foi inclu\u00eddo na lista dos 125 maiores jogadores da hist\u00f3ria.\u00a0A estreia pela\u00a0sele\u00e7\u00e3o brasileira aconteceu no final dos anos 1970. Apesar das partidas e lances memor\u00e1veis com a camisa amarela, encerrou seu ciclo na sele\u00e7\u00e3o com uma marca negativa &#8211; a de ter perdido um p\u00eanalti na elimina\u00e7\u00e3o do Brasil em 1986, contra a Fran\u00e7a.<\/p>\n<p>Em 1984, foi jogar na Fiorentina, da It\u00e1lia, mas n\u00e3o se adaptou ao Campeonato Italiano e ainda teve problemas com os colegas &#8211; suspeitava que outros jogadores manipulassem resultados, e por isso n\u00e3o conseguiu estabelecer a mesma lideran\u00e7a e influ\u00eancia que costumava exercer em cada equipe que defendia. Sua passagem pela Europa durou apenas uma temporada. Voltou ao Brasil em 1985, quando jogou pelo Flamengo. Em seguida, foi vestir a camisa do Santos, time para o qual torcia. Sua \u00faltima agremia\u00e7\u00e3o foi tamb\u00e9m a primeira &#8211; o retorno ao Botafogo de Ribeir\u00e3o Preto marcou a \u00faltima fase da carreira, encerrada em 1989. Desde ent\u00e3o, conciliava a fun\u00e7\u00e3o de comentarista com o trabalho como m\u00e9dico &#8211; profiss\u00e3o em que dizia se destacar por causa da capacidade de fazer diagn\u00f3sticos precisos. Em entrevista concedida ao portal UOL depois de uma de suas interna\u00e7\u00f5es neste ano, afirmou: \u201cSou um m\u00e9dico de telefone, um plantonista eterno. Eu s\u00f3 n\u00e3o estou com consult\u00f3rio. Eu preciso de liberdade, estou sempre criando alguma coisa. Um dia, talvez, se eu tiver sa\u00fade, ainda vou ser m\u00e9dico na pra\u00e7a. Se estiver aposentado das minhas guerras, farei isso. Vou ficar l\u00e1 atendendo quem quiser\u201d.<\/p>\n","protected":false},"excerpt":{"rendered":"<p>Durante a fase preparat\u00f3ria do Brasil para a Copa do Mundo de 82, o t\u00e9cnico Tel\u00ea Santana (centro) posa para foto junto dos jogadores S\u00f3crates (esq.) e Zico. Internado desde a noite da \u00faltima quinta-feira, em raz\u00e3o de uma infec\u00e7\u00e3o intestinal causada por bact\u00e9ria, o ex-jogador S\u00f3crates, de 57 anos, morreu \u00e0s 4h30 desta manh\u00e3 [&hellip;]<\/p>\n","protected":false},"author":2,"featured_media":0,"comment_status":"open","ping_status":"open","sticky":false,"template":"","format":"standard","meta":{"footnotes":"","_links_to":"","_links_to_target":""},"categories":[1],"tags":[],"class_list":["post-10964","post","type-post","status-publish","format-standard","hentry","category-geral"],"views":2371,"_links":{"self":[{"href":"https:\/\/www.sudoestehoje.com.br\/novoportal\/wp-json\/wp\/v2\/posts\/10964","targetHints":{"allow":["GET"]}}],"collection":[{"href":"https:\/\/www.sudoestehoje.com.br\/novoportal\/wp-json\/wp\/v2\/posts"}],"about":[{"href":"https:\/\/www.sudoestehoje.com.br\/novoportal\/wp-json\/wp\/v2\/types\/post"}],"author":[{"embeddable":true,"href":"https:\/\/www.sudoestehoje.com.br\/novoportal\/wp-json\/wp\/v2\/users\/2"}],"replies":[{"embeddable":true,"href":"https:\/\/www.sudoestehoje.com.br\/novoportal\/wp-json\/wp\/v2\/comments?post=10964"}],"version-history":[{"count":3,"href":"https:\/\/www.sudoestehoje.com.br\/novoportal\/wp-json\/wp\/v2\/posts\/10964\/revisions"}],"predecessor-version":[{"id":10967,"href":"https:\/\/www.sudoestehoje.com.br\/novoportal\/wp-json\/wp\/v2\/posts\/10964\/revisions\/10967"}],"wp:attachment":[{"href":"https:\/\/www.sudoestehoje.com.br\/novoportal\/wp-json\/wp\/v2\/media?parent=10964"}],"wp:term":[{"taxonomy":"category","embeddable":true,"href":"https:\/\/www.sudoestehoje.com.br\/novoportal\/wp-json\/wp\/v2\/categories?post=10964"},{"taxonomy":"post_tag","embeddable":true,"href":"https:\/\/www.sudoestehoje.com.br\/novoportal\/wp-json\/wp\/v2\/tags?post=10964"}],"curies":[{"name":"wp","href":"https:\/\/api.w.org\/{rel}","templated":true}]}}