
{"id":109619,"date":"2023-05-04T08:54:08","date_gmt":"2023-05-04T11:54:08","guid":{"rendered":"https:\/\/www.sudoestehoje.com.br\/novoportal\/?p=109619"},"modified":"2023-05-04T08:54:08","modified_gmt":"2023-05-04T11:54:08","slug":"bahia-e-o-estado-com-maior-numero-de-tremores-de-terra-no-nordeste","status":"publish","type":"post","link":"https:\/\/www.sudoestehoje.com.br\/novoportal\/2023\/05\/04\/bahia-e-o-estado-com-maior-numero-de-tremores-de-terra-no-nordeste\/","title":{"rendered":"BAHIA \u00c9 O ESTADO COM MAIOR NUMERO DE TREMORES DE TERRA NO NORDESTE"},"content":{"rendered":"<p><a href=\"https:\/\/www.sudoestehoje.com.br\/novoportal\/wp-content\/uploads\/2023\/05\/abril.webp\"><img loading=\"lazy\" decoding=\"async\" class=\"aligncenter  wp-image-109620\" src=\"https:\/\/www.sudoestehoje.com.br\/novoportal\/wp-content\/uploads\/2023\/05\/abril-600x352.webp\" alt=\"\" width=\"551\" height=\"323\" srcset=\"https:\/\/www.sudoestehoje.com.br\/novoportal\/wp-content\/uploads\/2023\/05\/abril-600x352.webp 600w, https:\/\/www.sudoestehoje.com.br\/novoportal\/wp-content\/uploads\/2023\/05\/abril-700x410.webp 700w, https:\/\/www.sudoestehoje.com.br\/novoportal\/wp-content\/uploads\/2023\/05\/abril-768x450.webp 768w, https:\/\/www.sudoestehoje.com.br\/novoportal\/wp-content\/uploads\/2023\/05\/abril.webp 984w\" sizes=\"auto, (max-width: 551px) 100vw, 551px\" \/><\/a><\/p>\n<p>A Bahia foi o estado do Nordeste que registrou o maior n\u00famero de tremores de terra no m\u00eas de abril, segundo o boletim do Laborat\u00f3rio Sismol\u00f3gico da Universidade Federal do Rio Grande do Norte (Labsis\/Ufrn), divulgado na ter\u00e7a-feira (2).<\/p>\n<div id=\"chunk-7mho\">\n<div class=\"mc-column content-text active-extra-styles \" data-block-type=\"unstyled\" data-block-weight=\"29\" data-block-id=\"5\">\n<p class=\"content-text__container \" data-track-category=\"Link no Texto\" data-track-links=\"\">De acordo com o estudo, a Bahia teve 16 tremores de terra no m\u00eas, em 11 munic\u00edpios. No ranking, o segundo lugar foi ocupado pelo Cear\u00e1, com 11 tremores.<\/p>\n<\/div>\n<\/div>\n<div id=\"chunk-5ghdk\">\n<div class=\"mc-column content-text active-extra-styles \" data-block-type=\"unstyled\" data-block-weight=\"48\" data-block-id=\"6\">\n<p class=\"content-text__container \" data-track-category=\"Link no Texto\" data-track-links=\"\">As magnitudes de abril na Bahia variaram de 1.3 mR a 2.5 mR, sendo a maior registrada na cidade de\u00a0<a class=\"\" href=\"https:\/\/g1.globo.com\/ba\/bahia\/cidade\/ipiau\/\">Ipia\u00fa<\/a>, no dia 18. A magnitude mede a pot\u00eancia de um terremoto pela energia que ele libera em seu epicentro e \u00e9 determinada pelas leituras dos sism\u00f3grafos.<\/p>\n<div id=\"chunk-6r4ck\">\n<div class=\"mc-column content-text active-extra-styles \" data-block-type=\"unstyled\" data-block-weight=\"9\" data-block-id=\"8\">\n<p class=\"content-text__container \" data-track-category=\"Link no Texto\" data-track-links=\"\">Os munic\u00edpios baianos que registraram tremores de terra foram:<\/p>\n<\/div>\n<\/div>\n<div class=\"mc-column content-text active-extra-styles\" data-block-type=\"raw\" data-block-weight=\"29\" data-block-id=\"9\">\n<ul class=\"content-unordered-list\">\n<li><a class=\"\" href=\"https:\/\/g1.globo.com\/ba\/bahia\/cidade\/jacobina\/\">Jacobina<\/a>\u00a0e\u00a0<a class=\"\" href=\"https:\/\/g1.globo.com\/ba\/bahia\/cidade\/jaguarari\/\">Jaguarari<\/a>\u00a0com tr\u00eas eventos cada;<\/li>\n<li><a class=\"\" href=\"https:\/\/g1.globo.com\/ba\/bahia\/cidade\/sao-miguel-das-matas\/\">S\u00e3o Miguel das Matas<\/a>\u00a0com dois sismos;<\/li>\n<li><a class=\"\" href=\"https:\/\/g1.globo.com\/ba\/bahia\/cidade\/aiquara\/\">Aiquara<\/a>,\u00a0<a class=\"\" href=\"https:\/\/g1.globo.com\/ba\/bahia\/cidade\/lafaiete-coutinho\/\">Lafaiete Coutinho<\/a>, Ipia\u00fa,\u00a0<a class=\"\" href=\"https:\/\/g1.globo.com\/ba\/bahia\/cidade\/boa-nova\/\">Boa Nova<\/a>, Macucur\u00e9, Itajuipe,\u00a0<a class=\"\" href=\"https:\/\/g1.globo.com\/ba\/bahia\/cidade\/jequie\/\">Jequi\u00e9<\/a>\u00a0e\u00a0<a class=\"\" href=\"https:\/\/g1.globo.com\/ba\/bahia\/cidade\/iramaia\/\">Iramaia<\/a>\u00a0com um sismo cada.<\/li>\n<\/ul>\n<\/div>\n<div id=\"chunk-bt2sb\">\n<div class=\"mc-column content-text active-extra-styles \" data-block-type=\"unstyled\" data-block-weight=\"25\" data-block-id=\"10\">\n<p class=\"content-text__container \" data-track-category=\"Link no Texto\" data-track-links=\"\"><a class=\"\" href=\"https:\/\/g1.globo.com\/ba\/bahia\/noticia\/2023\/04\/28\/tremor-de-terre-e-registrado-na-bahia.ghtml\">Em Jaguarari e Jacobina<\/a>, os tremores foram registrados nos dias 27 e 28, respectivamente. N\u00e3o h\u00e1 informa\u00e7\u00f5es se moradores da localidade sentiram o abalo.<\/p>\n<\/div>\n<\/div>\n<div id=\"chunk-9n0it\">\n<div class=\"mc-column content-text active-extra-styles \" data-block-type=\"unstyled\" data-block-weight=\"29\" data-block-id=\"11\">\n<p class=\"content-text__container \" data-track-category=\"Link no Texto\" data-track-links=\"\">J\u00e1 no caso de S\u00e3o Miguel das Matas, os\u00a0<a class=\"\" href=\"https:\/\/g1.globo.com\/ba\/bahia\/noticia\/2023\/04\/20\/tremores-de-terra-sao-registrados-em-cidades-da-ba.ghtml\">moradores sentiram os dois tremores,\u00a0<\/a>que aconteceram no mesmo dia, mas n\u00e3o h\u00e1 informa\u00e7\u00f5es se houveram preju\u00edzos causados por eles.<\/p>\n<\/div>\n<\/div>\n<div id=\"chunk-94nbi\">\n<div class=\"mc-column content-text active-extra-styles \" data-block-type=\"unstyled\" data-block-weight=\"21\" data-block-id=\"12\">\n<p class=\"content-text__container \" data-track-category=\"Link no Texto\" data-track-links=\"\">O Labsis, respons\u00e1vel pela pesquisa, \u00e9 vinculado \u00e0 Rede Sismogr\u00e1fica Brasileira (Rsbr) organiza\u00e7\u00e3o respons\u00e1vel por monitorar a sismicidade do territ\u00f3rio nacional.<\/p>\n<\/div>\n<\/div>\n<\/div>\n<\/div>\n","protected":false},"excerpt":{"rendered":"<p>A Bahia foi o estado do Nordeste que registrou o maior n\u00famero de tremores de terra no m\u00eas de abril, segundo o boletim do Laborat\u00f3rio Sismol\u00f3gico da Universidade Federal do Rio Grande do Norte (Labsis\/Ufrn), divulgado na ter\u00e7a-feira (2). De acordo com o estudo, a Bahia teve 16 tremores de terra no m\u00eas, em 11 [&hellip;]<\/p>\n","protected":false},"author":2,"featured_media":109620,"comment_status":"closed","ping_status":"open","sticky":false,"template":"","format":"standard","meta":{"footnotes":"","_links_to":"","_links_to_target":""},"categories":[1],"tags":[],"class_list":["post-109619","post","type-post","status-publish","format-standard","has-post-thumbnail","hentry","category-geral"],"views":619,"_links":{"self":[{"href":"https:\/\/www.sudoestehoje.com.br\/novoportal\/wp-json\/wp\/v2\/posts\/109619","targetHints":{"allow":["GET"]}}],"collection":[{"href":"https:\/\/www.sudoestehoje.com.br\/novoportal\/wp-json\/wp\/v2\/posts"}],"about":[{"href":"https:\/\/www.sudoestehoje.com.br\/novoportal\/wp-json\/wp\/v2\/types\/post"}],"author":[{"embeddable":true,"href":"https:\/\/www.sudoestehoje.com.br\/novoportal\/wp-json\/wp\/v2\/users\/2"}],"replies":[{"embeddable":true,"href":"https:\/\/www.sudoestehoje.com.br\/novoportal\/wp-json\/wp\/v2\/comments?post=109619"}],"version-history":[{"count":3,"href":"https:\/\/www.sudoestehoje.com.br\/novoportal\/wp-json\/wp\/v2\/posts\/109619\/revisions"}],"predecessor-version":[{"id":109623,"href":"https:\/\/www.sudoestehoje.com.br\/novoportal\/wp-json\/wp\/v2\/posts\/109619\/revisions\/109623"}],"wp:featuredmedia":[{"embeddable":true,"href":"https:\/\/www.sudoestehoje.com.br\/novoportal\/wp-json\/wp\/v2\/media\/109620"}],"wp:attachment":[{"href":"https:\/\/www.sudoestehoje.com.br\/novoportal\/wp-json\/wp\/v2\/media?parent=109619"}],"wp:term":[{"taxonomy":"category","embeddable":true,"href":"https:\/\/www.sudoestehoje.com.br\/novoportal\/wp-json\/wp\/v2\/categories?post=109619"},{"taxonomy":"post_tag","embeddable":true,"href":"https:\/\/www.sudoestehoje.com.br\/novoportal\/wp-json\/wp\/v2\/tags?post=109619"}],"curies":[{"name":"wp","href":"https:\/\/api.w.org\/{rel}","templated":true}]}}