
{"id":109555,"date":"2023-05-01T09:25:51","date_gmt":"2023-05-01T12:25:51","guid":{"rendered":"https:\/\/www.sudoestehoje.com.br\/novoportal\/?p=109555"},"modified":"2023-05-01T09:25:51","modified_gmt":"2023-05-01T12:25:51","slug":"gas-de-cozinha-volta-a-subir-na-bahia","status":"publish","type":"post","link":"https:\/\/www.sudoestehoje.com.br\/novoportal\/2023\/05\/01\/gas-de-cozinha-volta-a-subir-na-bahia\/","title":{"rendered":"G\u00c1S DE COZINHA VOLTA A SUBIR NA BAHIA"},"content":{"rendered":"<div id=\"chunk-ahkcs\">\n<div class=\"mc-column content-text active-extra-styles \" data-block-type=\"unstyled\" data-block-weight=\"40\" data-block-id=\"3\">\n<p data-track-category=\"Link no Texto\" data-track-links=\"\"><a href=\"https:\/\/www.sudoestehoje.com.br\/novoportal\/wp-content\/uploads\/2023\/05\/botijao-de-gas-tmcj_0018.jpg\"><img loading=\"lazy\" decoding=\"async\" class=\"aligncenter  wp-image-109556\" src=\"https:\/\/www.sudoestehoje.com.br\/novoportal\/wp-content\/uploads\/2023\/05\/botijao-de-gas-tmcj_0018-600x360.jpg\" alt=\"\" width=\"550\" height=\"330\" srcset=\"https:\/\/www.sudoestehoje.com.br\/novoportal\/wp-content\/uploads\/2023\/05\/botijao-de-gas-tmcj_0018-600x360.jpg 600w, https:\/\/www.sudoestehoje.com.br\/novoportal\/wp-content\/uploads\/2023\/05\/botijao-de-gas-tmcj_0018-700x420.jpg 700w, https:\/\/www.sudoestehoje.com.br\/novoportal\/wp-content\/uploads\/2023\/05\/botijao-de-gas-tmcj_0018-768x461.jpg 768w, https:\/\/www.sudoestehoje.com.br\/novoportal\/wp-content\/uploads\/2023\/05\/botijao-de-gas-tmcj_0018.jpg 1000w\" sizes=\"auto, (max-width: 550px) 100vw, 550px\" \/><\/a><\/p>\n<p class=\"content-text__container \" data-track-category=\"Link no Texto\" data-track-links=\"\"><strong>O g\u00e1s de cozinha teve o terceiro aumento do ano, na Bahia. O pre\u00e7o do botij\u00e3o fica em m\u00e9dia R$ 5 mais caro, a partir desta segunda-feira (1\u00b0), segundo o Sindicato dos Revendedores de G\u00e1s do Estado da Bahia (Sindrevgas).<\/strong><\/p>\n<\/div>\n<\/div>\n<div class=\"wall protected-content\">\n<div id=\"chunk-696qm\">\n<div class=\"mc-column content-text active-extra-styles \" data-block-type=\"unstyled\" data-block-weight=\"33\" data-block-id=\"4\">\n<p class=\"content-text__container \" data-track-category=\"Link no Texto\" data-track-links=\"\"><strong>De acordo com o Sindrevgas, em\u00a0<a class=\"\" href=\"https:\/\/g1.globo.com\/ba\/bahia\/cidade\/salvador\/\">Salvador<\/a>\u00a0e regi\u00e3o metropolitana, o pre\u00e7o m\u00e9dio do g\u00e1s praticado at\u00e9 domingo (29), era de R$ 115. Agora, passa a ter um valor de aproximadamente R$ 125.<\/strong><\/p>\n<\/div>\n<\/div>\n<div id=\"chunk-fic51\">\n<div class=\"mc-column content-text active-extra-styles \" data-block-type=\"unstyled\" data-block-weight=\"38\" data-block-id=\"5\">\n<p class=\"content-text__container \" data-track-category=\"Link no Texto\" data-track-links=\"\"><strong>No in\u00edcio de abril, a Acelen, empresa que administra a Refinaria Mataripe, anunciou uma<a class=\"\" href=\"https:\/\/g1.globo.com\/ba\/bahia\/noticia\/2023\/03\/31\/acelen-anuncia-reducao-de-8percent-no-valor-do-gas-de-cozinha-na-bahia.ghtml\">\u00a0redu\u00e7\u00e3o de 8% no valor do g\u00e1s de cozinha<\/a>, na Bahia. Na oportunidade, o pre\u00e7o caiu de R$ 4,02 para R$ 3,69 o quilo.<\/strong><\/p>\n<\/div>\n<\/div>\n<\/div>\n","protected":false},"excerpt":{"rendered":"<p>O g\u00e1s de cozinha teve o terceiro aumento do ano, na Bahia. O pre\u00e7o do botij\u00e3o fica em m\u00e9dia R$ 5 mais caro, a partir desta segunda-feira (1\u00b0), segundo o Sindicato dos Revendedores de G\u00e1s do Estado da Bahia (Sindrevgas). De acordo com o Sindrevgas, em\u00a0Salvador\u00a0e regi\u00e3o metropolitana, o pre\u00e7o m\u00e9dio do g\u00e1s praticado at\u00e9 [&hellip;]<\/p>\n","protected":false},"author":2,"featured_media":109556,"comment_status":"closed","ping_status":"open","sticky":false,"template":"","format":"standard","meta":{"footnotes":"","_links_to":"","_links_to_target":""},"categories":[1],"tags":[],"class_list":["post-109555","post","type-post","status-publish","format-standard","has-post-thumbnail","hentry","category-geral"],"views":744,"_links":{"self":[{"href":"https:\/\/www.sudoestehoje.com.br\/novoportal\/wp-json\/wp\/v2\/posts\/109555","targetHints":{"allow":["GET"]}}],"collection":[{"href":"https:\/\/www.sudoestehoje.com.br\/novoportal\/wp-json\/wp\/v2\/posts"}],"about":[{"href":"https:\/\/www.sudoestehoje.com.br\/novoportal\/wp-json\/wp\/v2\/types\/post"}],"author":[{"embeddable":true,"href":"https:\/\/www.sudoestehoje.com.br\/novoportal\/wp-json\/wp\/v2\/users\/2"}],"replies":[{"embeddable":true,"href":"https:\/\/www.sudoestehoje.com.br\/novoportal\/wp-json\/wp\/v2\/comments?post=109555"}],"version-history":[{"count":2,"href":"https:\/\/www.sudoestehoje.com.br\/novoportal\/wp-json\/wp\/v2\/posts\/109555\/revisions"}],"predecessor-version":[{"id":109558,"href":"https:\/\/www.sudoestehoje.com.br\/novoportal\/wp-json\/wp\/v2\/posts\/109555\/revisions\/109558"}],"wp:featuredmedia":[{"embeddable":true,"href":"https:\/\/www.sudoestehoje.com.br\/novoportal\/wp-json\/wp\/v2\/media\/109556"}],"wp:attachment":[{"href":"https:\/\/www.sudoestehoje.com.br\/novoportal\/wp-json\/wp\/v2\/media?parent=109555"}],"wp:term":[{"taxonomy":"category","embeddable":true,"href":"https:\/\/www.sudoestehoje.com.br\/novoportal\/wp-json\/wp\/v2\/categories?post=109555"},{"taxonomy":"post_tag","embeddable":true,"href":"https:\/\/www.sudoestehoje.com.br\/novoportal\/wp-json\/wp\/v2\/tags?post=109555"}],"curies":[{"name":"wp","href":"https:\/\/api.w.org\/{rel}","templated":true}]}}