
{"id":109440,"date":"2023-04-26T09:09:04","date_gmt":"2023-04-26T12:09:04","guid":{"rendered":"https:\/\/www.sudoestehoje.com.br\/novoportal\/?p=109440"},"modified":"2023-04-26T09:09:04","modified_gmt":"2023-04-26T12:09:04","slug":"pastores-da-universal-vao-a-juri-pela-morte-do-adolescente-lucas-terra-apos-22-anos","status":"publish","type":"post","link":"https:\/\/www.sudoestehoje.com.br\/novoportal\/2023\/04\/26\/pastores-da-universal-vao-a-juri-pela-morte-do-adolescente-lucas-terra-apos-22-anos\/","title":{"rendered":"PASTORES DA UNIVERSAL V\u00c3O A JURI PELA MORTE DO ADOLESCENTE LUCAS TERRA AP\u00d3S 22 ANOS"},"content":{"rendered":"<p><a href=\"https:\/\/www.sudoestehoje.com.br\/novoportal\/wp-content\/uploads\/2023\/04\/lucas-terra.webp\"><img loading=\"lazy\" decoding=\"async\" class=\"aligncenter  wp-image-109445\" src=\"https:\/\/www.sudoestehoje.com.br\/novoportal\/wp-content\/uploads\/2023\/04\/lucas-terra-600x376.webp\" alt=\"\" width=\"551\" height=\"345\" srcset=\"https:\/\/www.sudoestehoje.com.br\/novoportal\/wp-content\/uploads\/2023\/04\/lucas-terra-600x376.webp 600w, https:\/\/www.sudoestehoje.com.br\/novoportal\/wp-content\/uploads\/2023\/04\/lucas-terra-700x438.webp 700w, https:\/\/www.sudoestehoje.com.br\/novoportal\/wp-content\/uploads\/2023\/04\/lucas-terra-768x481.webp 768w, https:\/\/www.sudoestehoje.com.br\/novoportal\/wp-content\/uploads\/2023\/04\/lucas-terra.webp 984w\" sizes=\"auto, (max-width: 551px) 100vw, 551px\" \/><\/a><\/p>\n<p><strong>SALVADOR | Em 2001, o homic\u00eddio do adolescente Lucas Terra chocou a Bahia. O menino de 14 anos foi queimado vivo e o corpo dele foi encontrado em um terreno baldio de\u00a0Salvador. Os\u00a0acusados de cometer o crime s\u00e3o tr\u00eas pastores da igreja\u00a0que o menino frequentava.<\/strong><\/p>\n<p><strong>Ap\u00f3s 22 anos de espera, o\u00a0j\u00fari popular foi iniciado\u00a0na ter\u00e7a-feira (25) na capital baiana. Durante os quatro dias de julgamento, 15 testemunhas de defesa e acusa\u00e7\u00e3o ser\u00e3o ouvidas. Ao final, as duas mulheres e cinco homens que comp\u00f5em o j\u00fari decidir\u00e3o pela condena\u00e7\u00e3o ou pela absolvi\u00e7\u00e3o dos r\u00e9us.<\/strong><\/p>\n<div id=\"chunk-82qfp\">\n<div class=\"mc-column content-text active-extra-styles \" data-block-type=\"unstyled\" data-block-weight=\"18\" data-block-id=\"9\">\n<p class=\"content-text__container \" data-track-category=\"Link no Texto\" data-track-links=\"\"><strong>Tr\u00eas pastores foram acusados de matar o adolescente: Silvio Galiza, Joel Miranda e Fernando Aparecido da Silva.<\/strong><\/p>\n<p data-track-category=\"Link no Texto\" data-track-links=\"\"><a href=\"https:\/\/www.sudoestehoje.com.br\/novoportal\/wp-content\/uploads\/2023\/04\/pastores.jpg\"><img loading=\"lazy\" decoding=\"async\" class=\"aligncenter  wp-image-109446\" src=\"https:\/\/www.sudoestehoje.com.br\/novoportal\/wp-content\/uploads\/2023\/04\/pastores-600x400.jpg\" alt=\"\" width=\"551\" height=\"367\" srcset=\"https:\/\/www.sudoestehoje.com.br\/novoportal\/wp-content\/uploads\/2023\/04\/pastores-600x400.jpg 600w, https:\/\/www.sudoestehoje.com.br\/novoportal\/wp-content\/uploads\/2023\/04\/pastores-700x467.jpg 700w, https:\/\/www.sudoestehoje.com.br\/novoportal\/wp-content\/uploads\/2023\/04\/pastores-768x512.jpg 768w, https:\/\/www.sudoestehoje.com.br\/novoportal\/wp-content\/uploads\/2023\/04\/pastores.jpg 1000w\" sizes=\"auto, (max-width: 551px) 100vw, 551px\" \/><\/a><\/p>\n<\/div>\n<\/div>\n<div id=\"chunk-evoc7\">\n<div class=\"mc-column content-text active-extra-styles \" data-block-type=\"unstyled\" data-block-weight=\"25\" data-block-id=\"10\">\n<p class=\"content-text__container \" data-track-category=\"Link no Texto\" data-track-links=\"\"><strong>Galiza foi o primeiro apontado como suspeito e foi julgado e condenado em 2004, cerca de tr\u00eas anos e tr\u00eas meses ap\u00f3s o crime.<\/strong><\/p>\n<\/div>\n<\/div>\n<div id=\"chunk-9a48v\">\n<div class=\"mc-column content-text active-extra-styles \" data-block-type=\"unstyled\" data-block-weight=\"39\" data-block-id=\"11\">\n<p class=\"content-text__container \" data-track-category=\"Link no Texto\" data-track-links=\"\"><strong><span class=\"highlight highlighted\">Em 2006, Galiza denunciou os pastores Joel Miranda e Fernando Aparecido da Silva por envolvimento no crime.\u00a0<\/span>Os pastores esperaram o julgamento em liberdade e continuaram a frente de igrejas no Rio de Janeiro e em Minas Gerais.<\/strong><\/p>\n<\/div>\n<\/div>\n<div id=\"chunk-adace\">\n<div class=\"mc-column content-text active-extra-styles \" data-block-type=\"unstyled\" data-block-weight=\"17\" data-block-id=\"12\">\n<p class=\"content-text__container \" data-track-category=\"Link no Texto\" data-track-links=\"\"><strong>O julgamento dois dois acontece em 2023, mais de duas d\u00e9cadas ap\u00f3s o assassinato de Lucas Terra.<\/strong><\/p>\n<\/div>\n<\/div>\n","protected":false},"excerpt":{"rendered":"<p>SALVADOR | Em 2001, o homic\u00eddio do adolescente Lucas Terra chocou a Bahia. O menino de 14 anos foi queimado vivo e o corpo dele foi encontrado em um terreno baldio de\u00a0Salvador. Os\u00a0acusados de cometer o crime s\u00e3o tr\u00eas pastores da igreja\u00a0que o menino frequentava. Ap\u00f3s 22 anos de espera, o\u00a0j\u00fari popular foi iniciado\u00a0na ter\u00e7a-feira [&hellip;]<\/p>\n","protected":false},"author":2,"featured_media":109444,"comment_status":"closed","ping_status":"open","sticky":false,"template":"","format":"standard","meta":{"footnotes":"","_links_to":"","_links_to_target":""},"categories":[1],"tags":[],"class_list":["post-109440","post","type-post","status-publish","format-standard","has-post-thumbnail","hentry","category-geral"],"views":932,"_links":{"self":[{"href":"https:\/\/www.sudoestehoje.com.br\/novoportal\/wp-json\/wp\/v2\/posts\/109440","targetHints":{"allow":["GET"]}}],"collection":[{"href":"https:\/\/www.sudoestehoje.com.br\/novoportal\/wp-json\/wp\/v2\/posts"}],"about":[{"href":"https:\/\/www.sudoestehoje.com.br\/novoportal\/wp-json\/wp\/v2\/types\/post"}],"author":[{"embeddable":true,"href":"https:\/\/www.sudoestehoje.com.br\/novoportal\/wp-json\/wp\/v2\/users\/2"}],"replies":[{"embeddable":true,"href":"https:\/\/www.sudoestehoje.com.br\/novoportal\/wp-json\/wp\/v2\/comments?post=109440"}],"version-history":[{"count":5,"href":"https:\/\/www.sudoestehoje.com.br\/novoportal\/wp-json\/wp\/v2\/posts\/109440\/revisions"}],"predecessor-version":[{"id":109448,"href":"https:\/\/www.sudoestehoje.com.br\/novoportal\/wp-json\/wp\/v2\/posts\/109440\/revisions\/109448"}],"wp:featuredmedia":[{"embeddable":true,"href":"https:\/\/www.sudoestehoje.com.br\/novoportal\/wp-json\/wp\/v2\/media\/109444"}],"wp:attachment":[{"href":"https:\/\/www.sudoestehoje.com.br\/novoportal\/wp-json\/wp\/v2\/media?parent=109440"}],"wp:term":[{"taxonomy":"category","embeddable":true,"href":"https:\/\/www.sudoestehoje.com.br\/novoportal\/wp-json\/wp\/v2\/categories?post=109440"},{"taxonomy":"post_tag","embeddable":true,"href":"https:\/\/www.sudoestehoje.com.br\/novoportal\/wp-json\/wp\/v2\/tags?post=109440"}],"curies":[{"name":"wp","href":"https:\/\/api.w.org\/{rel}","templated":true}]}}