
{"id":109432,"date":"2023-04-25T09:57:56","date_gmt":"2023-04-25T12:57:56","guid":{"rendered":"https:\/\/www.sudoestehoje.com.br\/novoportal\/?p=109432"},"modified":"2023-04-25T09:57:56","modified_gmt":"2023-04-25T12:57:56","slug":"educacao-uesb-disponibiliza-133-vagas-para-diplomados-de-nivel-superior-em-itapetinga","status":"publish","type":"post","link":"https:\/\/www.sudoestehoje.com.br\/novoportal\/2023\/04\/25\/educacao-uesb-disponibiliza-133-vagas-para-diplomados-de-nivel-superior-em-itapetinga\/","title":{"rendered":"EDUCA\u00c7\u00c3O | UESB DISPONIBILIZA 133 VAGAS PARA DIPLOMADOS DE N\u00cdVEL SUPERIOR EM ITAPETINGA"},"content":{"rendered":"<p><a href=\"https:\/\/www.sudoestehoje.com.br\/novoportal\/wp-content\/uploads\/2023\/04\/Artigo-Destaque_00288603_00.jpg\"><img loading=\"lazy\" decoding=\"async\" class=\"aligncenter  wp-image-109437\" src=\"https:\/\/www.sudoestehoje.com.br\/novoportal\/wp-content\/uploads\/2023\/04\/Artigo-Destaque_00288603_00-600x360.jpg\" alt=\"\" width=\"550\" height=\"330\" srcset=\"https:\/\/www.sudoestehoje.com.br\/novoportal\/wp-content\/uploads\/2023\/04\/Artigo-Destaque_00288603_00-600x360.jpg 600w, https:\/\/www.sudoestehoje.com.br\/novoportal\/wp-content\/uploads\/2023\/04\/Artigo-Destaque_00288603_00-700x420.jpg 700w, https:\/\/www.sudoestehoje.com.br\/novoportal\/wp-content\/uploads\/2023\/04\/Artigo-Destaque_00288603_00-768x461.jpg 768w, https:\/\/www.sudoestehoje.com.br\/novoportal\/wp-content\/uploads\/2023\/04\/Artigo-Destaque_00288603_00.jpg 1200w\" sizes=\"auto, (max-width: 550px) 100vw, 550px\" \/><\/a><\/p>\n<p><strong>A Universidade Estadual do Sudoeste da Bahia (Uesb) divulgou a altera\u00e7\u00e3o no quadro de vagas do processo seletivo para os cursos de gradua\u00e7\u00e3o, nos tr\u00eas campi, voltado para candidatos portadores de diploma de n\u00edvel superior. Agora, est\u00e3o sendo disponibilizadas 367 vagas para os tr\u00eas campi da Universidade, sendo 160 para o campus de Vit\u00f3ria da Conquista, 74 para Jequi\u00e9 e 133 para Itapetinga.<\/strong><\/p>\n<p><strong>As vagas s\u00e3o para ingresso no segundo per\u00edodo letivo de 2023, e a lista completa com a quantidade de vagas por curso, campus e turno est\u00e1 dispon\u00edvel na\u00a0<a href=\"http:\/\/www.uesb.br\/noticias\/uesb-amplia-vagas-na-selecao-para-portadores-de-diploma\/\" target=\"_blank\" rel=\"noopener\">nova Portaria<\/a>. Os interessados devem se inscrever at\u00e9 o dia 7 de maio, exclusivamente pelo site do processo seletivo.<\/strong><\/p>\n<p><strong>Os candidatos ser\u00e3o avaliados em duas etapas \u2013 prova de reda\u00e7\u00e3o e an\u00e1lise do hist\u00f3rico escolar. At\u00e9 o dia 12 de maio ser\u00e1 divulgada a lista contendo tr\u00eas temas, definidos pelos Colegiados dos Cursos que versar\u00e3o sobre conhecimentos gerais e de atualidades, de acordo com o curso pleiteado, e as sugest\u00f5es bibliogr\u00e1ficas para a prova escrita.<\/strong><\/p>\n<p><strong>A prova de reda\u00e7\u00e3o ser\u00e1 aplicada no dia 5 de junho, e os locais de provas ser\u00e3o divulgados pelos colegiados dos cursos pretendidos. O tema da reda\u00e7\u00e3o ser\u00e1 definido, atrav\u00e9s de sorteio, antes do in\u00edcio da prova, na presen\u00e7a dos candidatos.<\/strong><\/p>\n<p><strong>Para mais informa\u00e7\u00f5es, acesse o Edital 091\/2023, que rege a sele\u00e7\u00e3o, e, em caso de d\u00favidas, envie e-mail para\u00a0<span style=\"color: #000080;\">pse@uesb.edu.br.<\/span><\/strong><\/p>\n","protected":false},"excerpt":{"rendered":"<p>A Universidade Estadual do Sudoeste da Bahia (Uesb) divulgou a altera\u00e7\u00e3o no quadro de vagas do processo seletivo para os cursos de gradua\u00e7\u00e3o, nos tr\u00eas campi, voltado para candidatos portadores de diploma de n\u00edvel superior. Agora, est\u00e3o sendo disponibilizadas 367 vagas para os tr\u00eas campi da Universidade, sendo 160 para o campus de Vit\u00f3ria da [&hellip;]<\/p>\n","protected":false},"author":2,"featured_media":109437,"comment_status":"closed","ping_status":"open","sticky":false,"template":"","format":"standard","meta":{"footnotes":"","_links_to":"","_links_to_target":""},"categories":[1],"tags":[],"class_list":["post-109432","post","type-post","status-publish","format-standard","has-post-thumbnail","hentry","category-geral"],"views":793,"_links":{"self":[{"href":"https:\/\/www.sudoestehoje.com.br\/novoportal\/wp-json\/wp\/v2\/posts\/109432","targetHints":{"allow":["GET"]}}],"collection":[{"href":"https:\/\/www.sudoestehoje.com.br\/novoportal\/wp-json\/wp\/v2\/posts"}],"about":[{"href":"https:\/\/www.sudoestehoje.com.br\/novoportal\/wp-json\/wp\/v2\/types\/post"}],"author":[{"embeddable":true,"href":"https:\/\/www.sudoestehoje.com.br\/novoportal\/wp-json\/wp\/v2\/users\/2"}],"replies":[{"embeddable":true,"href":"https:\/\/www.sudoestehoje.com.br\/novoportal\/wp-json\/wp\/v2\/comments?post=109432"}],"version-history":[{"count":3,"href":"https:\/\/www.sudoestehoje.com.br\/novoportal\/wp-json\/wp\/v2\/posts\/109432\/revisions"}],"predecessor-version":[{"id":109438,"href":"https:\/\/www.sudoestehoje.com.br\/novoportal\/wp-json\/wp\/v2\/posts\/109432\/revisions\/109438"}],"wp:featuredmedia":[{"embeddable":true,"href":"https:\/\/www.sudoestehoje.com.br\/novoportal\/wp-json\/wp\/v2\/media\/109437"}],"wp:attachment":[{"href":"https:\/\/www.sudoestehoje.com.br\/novoportal\/wp-json\/wp\/v2\/media?parent=109432"}],"wp:term":[{"taxonomy":"category","embeddable":true,"href":"https:\/\/www.sudoestehoje.com.br\/novoportal\/wp-json\/wp\/v2\/categories?post=109432"},{"taxonomy":"post_tag","embeddable":true,"href":"https:\/\/www.sudoestehoje.com.br\/novoportal\/wp-json\/wp\/v2\/tags?post=109432"}],"curies":[{"name":"wp","href":"https:\/\/api.w.org\/{rel}","templated":true}]}}