
{"id":109418,"date":"2023-04-24T20:14:23","date_gmt":"2023-04-24T23:14:23","guid":{"rendered":"https:\/\/www.sudoestehoje.com.br\/novoportal\/?p=109418"},"modified":"2023-04-24T20:14:23","modified_gmt":"2023-04-24T23:14:23","slug":"pedro-tavares-solicita-ao-governador-jeronimo-rodrigues-a-instalacao-de-um-hospital-regional-em-itapetinga","status":"publish","type":"post","link":"https:\/\/www.sudoestehoje.com.br\/novoportal\/2023\/04\/24\/pedro-tavares-solicita-ao-governador-jeronimo-rodrigues-a-instalacao-de-um-hospital-regional-em-itapetinga\/","title":{"rendered":"PEDRO TAVARES SOLICITA AO GOVERNADOR JER\u00d4NIMO RODRIGUES A INSTALA\u00c7\u00c3O DE UM HOSPITAL REGIONAL EM ITAPETINGA"},"content":{"rendered":"<p><a href=\"https:\/\/www.sudoestehoje.com.br\/novoportal\/wp-content\/uploads\/2023\/04\/Pedro-Tavares-quer-emissao-gratuita-de-carteira-de-autista-696x392-1.jpg\"><img loading=\"lazy\" decoding=\"async\" class=\"aligncenter  wp-image-109420\" src=\"https:\/\/www.sudoestehoje.com.br\/novoportal\/wp-content\/uploads\/2023\/04\/Pedro-Tavares-quer-emissao-gratuita-de-carteira-de-autista-696x392-1-600x338.jpg\" alt=\"\" width=\"550\" height=\"310\" srcset=\"https:\/\/www.sudoestehoje.com.br\/novoportal\/wp-content\/uploads\/2023\/04\/Pedro-Tavares-quer-emissao-gratuita-de-carteira-de-autista-696x392-1-600x338.jpg 600w, https:\/\/www.sudoestehoje.com.br\/novoportal\/wp-content\/uploads\/2023\/04\/Pedro-Tavares-quer-emissao-gratuita-de-carteira-de-autista-696x392-1.jpg 696w\" sizes=\"auto, (max-width: 550px) 100vw, 550px\" \/><\/a><\/p>\n<p><strong>O deputado estadual Pedro Tavares (UB), solicitou, nesta segunda-feira, 24, durante pronunciamento na Assembleia Legislativa da Bahia (Alba) que o governador Jer\u00f4nimo Rodrigues (PT) instale um hospital regional no munic\u00edpio de Itapetinga.<\/strong><\/p>\n<p><strong>O parlamentar apelou para a sensibilidade do governador, ao lembrar da promessa do petista durante campanha eleitoral. \u201cO governador esteve l\u00e1 e prometeu esse hospital, que n\u00e3o \u00e9 s\u00f3 a necessidade, mas tamb\u00e9m \u00e9 uma quest\u00e3o de Justi\u00e7a, pois aquela popula\u00e7\u00e3o precisa do atendimento do Estado, na \u00e1rea da sa\u00fade\u201d, discursou, ao relembrar que o Hospital Cristo Redentor, \u00fanico do munic\u00edpio, que tamb\u00e9m atende a regi\u00e3o, teve o seu Pronto Atendimento fechado.<\/strong><\/p>\n<p><strong>Itapetinga e os demais munic\u00edpios do M\u00e9dio Sudoeste n\u00e3o contam com nenhuma unidade hospitalar da rede p\u00fablica estadual.\u00a0<\/strong><\/p>\n","protected":false},"excerpt":{"rendered":"<p>O deputado estadual Pedro Tavares (UB), solicitou, nesta segunda-feira, 24, durante pronunciamento na Assembleia Legislativa da Bahia (Alba) que o governador Jer\u00f4nimo Rodrigues (PT) instale um hospital regional no munic\u00edpio de Itapetinga. O parlamentar apelou para a sensibilidade do governador, ao lembrar da promessa do petista durante campanha eleitoral. \u201cO governador esteve l\u00e1 e prometeu [&hellip;]<\/p>\n","protected":false},"author":2,"featured_media":109420,"comment_status":"closed","ping_status":"open","sticky":false,"template":"","format":"standard","meta":{"footnotes":"","_links_to":"","_links_to_target":""},"categories":[1],"tags":[],"class_list":["post-109418","post","type-post","status-publish","format-standard","has-post-thumbnail","hentry","category-geral"],"views":725,"_links":{"self":[{"href":"https:\/\/www.sudoestehoje.com.br\/novoportal\/wp-json\/wp\/v2\/posts\/109418","targetHints":{"allow":["GET"]}}],"collection":[{"href":"https:\/\/www.sudoestehoje.com.br\/novoportal\/wp-json\/wp\/v2\/posts"}],"about":[{"href":"https:\/\/www.sudoestehoje.com.br\/novoportal\/wp-json\/wp\/v2\/types\/post"}],"author":[{"embeddable":true,"href":"https:\/\/www.sudoestehoje.com.br\/novoportal\/wp-json\/wp\/v2\/users\/2"}],"replies":[{"embeddable":true,"href":"https:\/\/www.sudoestehoje.com.br\/novoportal\/wp-json\/wp\/v2\/comments?post=109418"}],"version-history":[{"count":2,"href":"https:\/\/www.sudoestehoje.com.br\/novoportal\/wp-json\/wp\/v2\/posts\/109418\/revisions"}],"predecessor-version":[{"id":109421,"href":"https:\/\/www.sudoestehoje.com.br\/novoportal\/wp-json\/wp\/v2\/posts\/109418\/revisions\/109421"}],"wp:featuredmedia":[{"embeddable":true,"href":"https:\/\/www.sudoestehoje.com.br\/novoportal\/wp-json\/wp\/v2\/media\/109420"}],"wp:attachment":[{"href":"https:\/\/www.sudoestehoje.com.br\/novoportal\/wp-json\/wp\/v2\/media?parent=109418"}],"wp:term":[{"taxonomy":"category","embeddable":true,"href":"https:\/\/www.sudoestehoje.com.br\/novoportal\/wp-json\/wp\/v2\/categories?post=109418"},{"taxonomy":"post_tag","embeddable":true,"href":"https:\/\/www.sudoestehoje.com.br\/novoportal\/wp-json\/wp\/v2\/tags?post=109418"}],"curies":[{"name":"wp","href":"https:\/\/api.w.org\/{rel}","templated":true}]}}