
{"id":109394,"date":"2023-04-23T11:58:17","date_gmt":"2023-04-23T14:58:17","guid":{"rendered":"https:\/\/www.sudoestehoje.com.br\/novoportal\/?p=109394"},"modified":"2023-04-23T11:58:17","modified_gmt":"2023-04-23T14:58:17","slug":"retro-avenida-catole-completa-4-anos-na-proxima-quarta-feira","status":"publish","type":"post","link":"https:\/\/www.sudoestehoje.com.br\/novoportal\/2023\/04\/23\/retro-avenida-catole-completa-4-anos-na-proxima-quarta-feira\/","title":{"rendered":"RETR\u00d4 | AVENIDA CATOL\u00c9 COMPLETA 4 ANOS NA PR\u00d3XIMA QUARTA-FEIRA"},"content":{"rendered":"<p><a href=\"https:\/\/www.sudoestehoje.com.br\/novoportal\/wp-content\/uploads\/2023\/04\/AVENIDA-CATOLE.jpg\"><img loading=\"lazy\" decoding=\"async\" class=\"aligncenter  wp-image-109395\" src=\"https:\/\/www.sudoestehoje.com.br\/novoportal\/wp-content\/uploads\/2023\/04\/AVENIDA-CATOLE-600x600.jpg\" alt=\"\" width=\"550\" height=\"550\" srcset=\"https:\/\/www.sudoestehoje.com.br\/novoportal\/wp-content\/uploads\/2023\/04\/AVENIDA-CATOLE-600x600.jpg 600w, https:\/\/www.sudoestehoje.com.br\/novoportal\/wp-content\/uploads\/2023\/04\/AVENIDA-CATOLE-700x700.jpg 700w, https:\/\/www.sudoestehoje.com.br\/novoportal\/wp-content\/uploads\/2023\/04\/AVENIDA-CATOLE-150x150.jpg 150w, https:\/\/www.sudoestehoje.com.br\/novoportal\/wp-content\/uploads\/2023\/04\/AVENIDA-CATOLE-768x768.jpg 768w, https:\/\/www.sudoestehoje.com.br\/novoportal\/wp-content\/uploads\/2023\/04\/AVENIDA-CATOLE.jpg 960w\" sizes=\"auto, (max-width: 550px) 100vw, 550px\" \/><\/a><\/p>\n<p><strong>Uma das realiza\u00e7\u00f5es mais importantes do Governo Rodrigo Hagge, foi a pavimenta\u00e7\u00e3o asf\u00e1ltica da Avenida Catol\u00e9, inaugurada em 26 de abril de 2019.\u00a0<\/strong><\/p>\n<p><strong>O obra mudou a cara dos residenciais 12 de Dezembro e Jos\u00e9 Ivo, al\u00e9m do Loteamento Vila \u00c9rika, que sofriam com a buraqueira no seu principal acesso.<\/strong><\/p>\n<p><strong>A partir da\u00ed, outras obras de infraestrutura foram e continuam sendo realizadas pela prefeitura, possibilitando o crescimento do bairro e expans\u00e3o do com\u00e9rcio no seu entorno.<\/strong><\/p>\n<p><strong>Por Davi Ferraz\u00a0<\/strong><\/p>\n","protected":false},"excerpt":{"rendered":"<p>Uma das realiza\u00e7\u00f5es mais importantes do Governo Rodrigo Hagge, foi a pavimenta\u00e7\u00e3o asf\u00e1ltica da Avenida Catol\u00e9, inaugurada em 26 de abril de 2019.\u00a0 O obra mudou a cara dos residenciais 12 de Dezembro e Jos\u00e9 Ivo, al\u00e9m do Loteamento Vila \u00c9rika, que sofriam com a buraqueira no seu principal acesso. A partir da\u00ed, outras obras [&hellip;]<\/p>\n","protected":false},"author":2,"featured_media":109395,"comment_status":"closed","ping_status":"open","sticky":false,"template":"","format":"standard","meta":{"footnotes":"","_links_to":"","_links_to_target":""},"categories":[1],"tags":[],"class_list":["post-109394","post","type-post","status-publish","format-standard","has-post-thumbnail","hentry","category-geral"],"views":765,"_links":{"self":[{"href":"https:\/\/www.sudoestehoje.com.br\/novoportal\/wp-json\/wp\/v2\/posts\/109394","targetHints":{"allow":["GET"]}}],"collection":[{"href":"https:\/\/www.sudoestehoje.com.br\/novoportal\/wp-json\/wp\/v2\/posts"}],"about":[{"href":"https:\/\/www.sudoestehoje.com.br\/novoportal\/wp-json\/wp\/v2\/types\/post"}],"author":[{"embeddable":true,"href":"https:\/\/www.sudoestehoje.com.br\/novoportal\/wp-json\/wp\/v2\/users\/2"}],"replies":[{"embeddable":true,"href":"https:\/\/www.sudoestehoje.com.br\/novoportal\/wp-json\/wp\/v2\/comments?post=109394"}],"version-history":[{"count":2,"href":"https:\/\/www.sudoestehoje.com.br\/novoportal\/wp-json\/wp\/v2\/posts\/109394\/revisions"}],"predecessor-version":[{"id":109397,"href":"https:\/\/www.sudoestehoje.com.br\/novoportal\/wp-json\/wp\/v2\/posts\/109394\/revisions\/109397"}],"wp:featuredmedia":[{"embeddable":true,"href":"https:\/\/www.sudoestehoje.com.br\/novoportal\/wp-json\/wp\/v2\/media\/109395"}],"wp:attachment":[{"href":"https:\/\/www.sudoestehoje.com.br\/novoportal\/wp-json\/wp\/v2\/media?parent=109394"}],"wp:term":[{"taxonomy":"category","embeddable":true,"href":"https:\/\/www.sudoestehoje.com.br\/novoportal\/wp-json\/wp\/v2\/categories?post=109394"},{"taxonomy":"post_tag","embeddable":true,"href":"https:\/\/www.sudoestehoje.com.br\/novoportal\/wp-json\/wp\/v2\/tags?post=109394"}],"curies":[{"name":"wp","href":"https:\/\/api.w.org\/{rel}","templated":true}]}}