
{"id":109389,"date":"2023-04-23T10:53:20","date_gmt":"2023-04-23T13:53:20","guid":{"rendered":"https:\/\/www.sudoestehoje.com.br\/novoportal\/?p=109389"},"modified":"2023-04-23T10:53:20","modified_gmt":"2023-04-23T13:53:20","slug":"cabralia-dois-turistas-mineiros-morrem-afogados-na-praia-da-coroa-vermelha","status":"publish","type":"post","link":"https:\/\/www.sudoestehoje.com.br\/novoportal\/2023\/04\/23\/cabralia-dois-turistas-mineiros-morrem-afogados-na-praia-da-coroa-vermelha\/","title":{"rendered":"CABR\u00c1LIA | DOIS TURISTAS MINEIROS MORREM AFOGADOS NA PRAIA DA COROA VERMELHA"},"content":{"rendered":"<p><a href=\"https:\/\/www.sudoestehoje.com.br\/novoportal\/wp-content\/uploads\/2023\/04\/WhatsApp-Image-2023-04-23-at-09.56.26.jpeg\"><img loading=\"lazy\" decoding=\"async\" class=\"aligncenter  wp-image-109391\" src=\"https:\/\/www.sudoestehoje.com.br\/novoportal\/wp-content\/uploads\/2023\/04\/WhatsApp-Image-2023-04-23-at-09.56.26-600x400.jpeg\" alt=\"\" width=\"549\" height=\"366\" srcset=\"https:\/\/www.sudoestehoje.com.br\/novoportal\/wp-content\/uploads\/2023\/04\/WhatsApp-Image-2023-04-23-at-09.56.26-600x400.jpeg 600w, https:\/\/www.sudoestehoje.com.br\/novoportal\/wp-content\/uploads\/2023\/04\/WhatsApp-Image-2023-04-23-at-09.56.26.jpeg 660w\" sizes=\"auto, (max-width: 549px) 100vw, 549px\" \/><\/a><\/p>\n<p><strong>Dois turistas de Minas Gerais morreram afogados, na tarde dessa sexta-feira (21), em uma praia de Santa Cruz Cabr\u00e1lia, no Sul da Bahia. O casal havia sa\u00eddo de Ipatinga, no Vale do A\u00e7o, para aproveitar o Feriad\u00e3o de Tiradentes.<\/strong><\/p>\n<p><strong> No entanto, segundo testemunhas, o mar estava muito agitado devido ao temporal que atinge a Bahia. Apesar do mau tempo, o homem de 53 anos teria se arriscado em meio \u00e0s fortes ondas da praia de Coroa Vermelha.<\/strong><\/p>\n<p><strong> Ao perceber que o marido se afogava, a mulher dele, de 46, entrou no mar para ajud\u00e1-lo, mas tamb\u00e9m se afogou.<\/strong><\/p>\n<p><strong> Segundo informa\u00e7\u00f5es do notici\u00e1rio local, banhistas resgataram as v\u00edtimas e iniciaram manobras de ressuscita\u00e7\u00e3o at\u00e9 a chegada de socorro. Apesar dos esfor\u00e7os, no entanto, o casal morreu antes de chegar ao hospital. <\/strong><\/p>\n<p><strong>Os corpos dos mineiros foram encaminhados para o Departamento de Per\u00edcia T\u00e9cnica da Pol\u00edcia Civil, em Porto Seguro.<\/strong><\/p>\n","protected":false},"excerpt":{"rendered":"<p>Dois turistas de Minas Gerais morreram afogados, na tarde dessa sexta-feira (21), em uma praia de Santa Cruz Cabr\u00e1lia, no Sul da Bahia. O casal havia sa\u00eddo de Ipatinga, no Vale do A\u00e7o, para aproveitar o Feriad\u00e3o de Tiradentes. No entanto, segundo testemunhas, o mar estava muito agitado devido ao temporal que atinge a Bahia. [&hellip;]<\/p>\n","protected":false},"author":2,"featured_media":109391,"comment_status":"closed","ping_status":"open","sticky":false,"template":"","format":"standard","meta":{"footnotes":"","_links_to":"","_links_to_target":""},"categories":[1],"tags":[],"class_list":["post-109389","post","type-post","status-publish","format-standard","has-post-thumbnail","hentry","category-geral"],"views":699,"_links":{"self":[{"href":"https:\/\/www.sudoestehoje.com.br\/novoportal\/wp-json\/wp\/v2\/posts\/109389","targetHints":{"allow":["GET"]}}],"collection":[{"href":"https:\/\/www.sudoestehoje.com.br\/novoportal\/wp-json\/wp\/v2\/posts"}],"about":[{"href":"https:\/\/www.sudoestehoje.com.br\/novoportal\/wp-json\/wp\/v2\/types\/post"}],"author":[{"embeddable":true,"href":"https:\/\/www.sudoestehoje.com.br\/novoportal\/wp-json\/wp\/v2\/users\/2"}],"replies":[{"embeddable":true,"href":"https:\/\/www.sudoestehoje.com.br\/novoportal\/wp-json\/wp\/v2\/comments?post=109389"}],"version-history":[{"count":3,"href":"https:\/\/www.sudoestehoje.com.br\/novoportal\/wp-json\/wp\/v2\/posts\/109389\/revisions"}],"predecessor-version":[{"id":109393,"href":"https:\/\/www.sudoestehoje.com.br\/novoportal\/wp-json\/wp\/v2\/posts\/109389\/revisions\/109393"}],"wp:featuredmedia":[{"embeddable":true,"href":"https:\/\/www.sudoestehoje.com.br\/novoportal\/wp-json\/wp\/v2\/media\/109391"}],"wp:attachment":[{"href":"https:\/\/www.sudoestehoje.com.br\/novoportal\/wp-json\/wp\/v2\/media?parent=109389"}],"wp:term":[{"taxonomy":"category","embeddable":true,"href":"https:\/\/www.sudoestehoje.com.br\/novoportal\/wp-json\/wp\/v2\/categories?post=109389"},{"taxonomy":"post_tag","embeddable":true,"href":"https:\/\/www.sudoestehoje.com.br\/novoportal\/wp-json\/wp\/v2\/tags?post=109389"}],"curies":[{"name":"wp","href":"https:\/\/api.w.org\/{rel}","templated":true}]}}