
{"id":109383,"date":"2023-04-23T10:28:15","date_gmt":"2023-04-23T13:28:15","guid":{"rendered":"https:\/\/www.sudoestehoje.com.br\/novoportal\/?p=109383"},"modified":"2023-04-23T10:35:21","modified_gmt":"2023-04-23T13:35:21","slug":"itapetinga-carro-sobra-na-rotula-dos-pioneiros-e-cai-em-vala-ao-lado-do-rondelli","status":"publish","type":"post","link":"https:\/\/www.sudoestehoje.com.br\/novoportal\/2023\/04\/23\/itapetinga-carro-sobra-na-rotula-dos-pioneiros-e-cai-em-vala-ao-lado-do-rondelli\/","title":{"rendered":"ITAPETINGA | CARRO SOBRA NA R\u00d3TULA DOS PIONEIROS E CAI EM VALA AO LADO DO RONDELLI"},"content":{"rendered":"<p><a href=\"https:\/\/www.sudoestehoje.com.br\/novoportal\/wp-content\/uploads\/2023\/04\/WhatsApp-Image-2023-04-23-at-10.20.50.jpeg\"><img loading=\"lazy\" decoding=\"async\" class=\"aligncenter wp-image-109385\" src=\"https:\/\/www.sudoestehoje.com.br\/novoportal\/wp-content\/uploads\/2023\/04\/WhatsApp-Image-2023-04-23-at-10.20.50-600x400.jpeg\" alt=\"\" width=\"551\" height=\"367\" srcset=\"https:\/\/www.sudoestehoje.com.br\/novoportal\/wp-content\/uploads\/2023\/04\/WhatsApp-Image-2023-04-23-at-10.20.50-600x400.jpeg 600w, https:\/\/www.sudoestehoje.com.br\/novoportal\/wp-content\/uploads\/2023\/04\/WhatsApp-Image-2023-04-23-at-10.20.50-700x467.jpeg 700w, https:\/\/www.sudoestehoje.com.br\/novoportal\/wp-content\/uploads\/2023\/04\/WhatsApp-Image-2023-04-23-at-10.20.50-768x512.jpeg 768w, https:\/\/www.sudoestehoje.com.br\/novoportal\/wp-content\/uploads\/2023\/04\/WhatsApp-Image-2023-04-23-at-10.20.50.jpeg 1080w\" sizes=\"auto, (max-width: 551px) 100vw, 551px\" \/><\/a><\/p>\n<p><strong>Na manh\u00e3 deste domingo, um motorista perdeu o controle do seu ve\u00edculo e caiu em uma vala no canteiro do Supermercado Rondelli, na R\u00f3tula dos Pioneiros, em Itapetinga.<\/strong><\/p>\n<p><strong>Agentes da Comutran est\u00e3o no local, mas o condutor ainda n\u00e3o foi identificado. N\u00e3o h\u00e1 informa\u00e7\u00f5es sobre feridos.<\/strong><\/p>\n<p><strong>AGUARDEM MAIS INFORMA\u00c7\u00d5ES<\/strong><\/p>\n<p><strong>Por Davi Ferraz<\/strong><\/p>\n","protected":false},"excerpt":{"rendered":"<p>Na manh\u00e3 deste domingo, um motorista perdeu o controle do seu ve\u00edculo e caiu em uma vala no canteiro do Supermercado Rondelli, na R\u00f3tula dos Pioneiros, em Itapetinga. Agentes da Comutran est\u00e3o no local, mas o condutor ainda n\u00e3o foi identificado. N\u00e3o h\u00e1 informa\u00e7\u00f5es sobre feridos. AGUARDEM MAIS INFORMA\u00c7\u00d5ES Por Davi Ferraz<\/p>\n","protected":false},"author":2,"featured_media":109385,"comment_status":"closed","ping_status":"open","sticky":false,"template":"","format":"standard","meta":{"footnotes":"","_links_to":"","_links_to_target":""},"categories":[1],"tags":[],"class_list":["post-109383","post","type-post","status-publish","format-standard","has-post-thumbnail","hentry","category-geral"],"views":1536,"_links":{"self":[{"href":"https:\/\/www.sudoestehoje.com.br\/novoportal\/wp-json\/wp\/v2\/posts\/109383","targetHints":{"allow":["GET"]}}],"collection":[{"href":"https:\/\/www.sudoestehoje.com.br\/novoportal\/wp-json\/wp\/v2\/posts"}],"about":[{"href":"https:\/\/www.sudoestehoje.com.br\/novoportal\/wp-json\/wp\/v2\/types\/post"}],"author":[{"embeddable":true,"href":"https:\/\/www.sudoestehoje.com.br\/novoportal\/wp-json\/wp\/v2\/users\/2"}],"replies":[{"embeddable":true,"href":"https:\/\/www.sudoestehoje.com.br\/novoportal\/wp-json\/wp\/v2\/comments?post=109383"}],"version-history":[{"count":4,"href":"https:\/\/www.sudoestehoje.com.br\/novoportal\/wp-json\/wp\/v2\/posts\/109383\/revisions"}],"predecessor-version":[{"id":109388,"href":"https:\/\/www.sudoestehoje.com.br\/novoportal\/wp-json\/wp\/v2\/posts\/109383\/revisions\/109388"}],"wp:featuredmedia":[{"embeddable":true,"href":"https:\/\/www.sudoestehoje.com.br\/novoportal\/wp-json\/wp\/v2\/media\/109385"}],"wp:attachment":[{"href":"https:\/\/www.sudoestehoje.com.br\/novoportal\/wp-json\/wp\/v2\/media?parent=109383"}],"wp:term":[{"taxonomy":"category","embeddable":true,"href":"https:\/\/www.sudoestehoje.com.br\/novoportal\/wp-json\/wp\/v2\/categories?post=109383"},{"taxonomy":"post_tag","embeddable":true,"href":"https:\/\/www.sudoestehoje.com.br\/novoportal\/wp-json\/wp\/v2\/tags?post=109383"}],"curies":[{"name":"wp","href":"https:\/\/api.w.org\/{rel}","templated":true}]}}