
{"id":10935,"date":"2011-12-03T07:26:55","date_gmt":"2011-12-03T10:26:55","guid":{"rendered":"http:\/\/www.sudoestehoje.com.br\/novoportal\/?p=10935"},"modified":"2011-12-03T08:04:33","modified_gmt":"2011-12-03T11:04:33","slug":"deputado-urucubaca","status":"publish","type":"post","link":"https:\/\/www.sudoestehoje.com.br\/novoportal\/2011\/12\/03\/deputado-urucubaca\/","title":{"rendered":"DEPUTADO &#8216;URUCUBACA&#8217;"},"content":{"rendered":"<p style=\"text-align: center;\"><img decoding=\"async\" class=\"aligncenter\" src=\"http:\/\/www.politicosdosuldabahia.com.br\/v1\/wp-content\/uploads\/b64bd214fc16a9cf06bd4febdb1ac5bd.jpg\" alt=\"\" width=\"400\" \/><\/p>\n<p style=\"text-align: center;\"><em><strong>Dep. Paulo Magalh\u00e3es se queixa do roubo de um &#8216;p\u00e9 de Arruda&#8217;<\/strong><\/em><\/p>\n<p>Depois de denunciar, em discurso na tribuna da C\u00e2mara dos Deputados, o roubo de um vaso de arruda que comprou para ornamentar sua resid\u00eancia funcional, em Bras\u00edlia, Paulo Magalh\u00e3es (PSD) ganhou o apelido, entre seus colegas baianos, de \u201cdeputado-urucubaca\u201d, j\u00e1 que a planta \u00e9 normalmente usada contra o mau olhado, motivo pelo qual, ali\u00e1s, segundo o pr\u00f3prio parlamentar, ele decidiu compr\u00e1-la. Magalh\u00e3es integra a bancada do sil\u00eancio na C\u00e2mara, aquela que nunca se pronuncia em discurso por nada. Recentemente, foi acusado de agredir a equipe do programa CQC, com, entre outros recursos, socos, cotoveladas e um tapet\u00e3o no microfone. \u00c9 candidat\u00edssimo a assumir o topo do ranking do anedot\u00e1rio pol\u00edtico nacional. Que papel\u00e3o!<\/p>\n","protected":false},"excerpt":{"rendered":"<p>Dep. Paulo Magalh\u00e3es se queixa do roubo de um &#8216;p\u00e9 de Arruda&#8217; Depois de denunciar, em discurso na tribuna da C\u00e2mara dos Deputados, o roubo de um vaso de arruda que comprou para ornamentar sua resid\u00eancia funcional, em Bras\u00edlia, Paulo Magalh\u00e3es (PSD) ganhou o apelido, entre seus colegas baianos, de \u201cdeputado-urucubaca\u201d, j\u00e1 que a planta [&hellip;]<\/p>\n","protected":false},"author":2,"featured_media":0,"comment_status":"open","ping_status":"open","sticky":false,"template":"","format":"standard","meta":{"footnotes":"","_links_to":"","_links_to_target":""},"categories":[1],"tags":[],"class_list":["post-10935","post","type-post","status-publish","format-standard","hentry","category-geral"],"views":1091,"_links":{"self":[{"href":"https:\/\/www.sudoestehoje.com.br\/novoportal\/wp-json\/wp\/v2\/posts\/10935","targetHints":{"allow":["GET"]}}],"collection":[{"href":"https:\/\/www.sudoestehoje.com.br\/novoportal\/wp-json\/wp\/v2\/posts"}],"about":[{"href":"https:\/\/www.sudoestehoje.com.br\/novoportal\/wp-json\/wp\/v2\/types\/post"}],"author":[{"embeddable":true,"href":"https:\/\/www.sudoestehoje.com.br\/novoportal\/wp-json\/wp\/v2\/users\/2"}],"replies":[{"embeddable":true,"href":"https:\/\/www.sudoestehoje.com.br\/novoportal\/wp-json\/wp\/v2\/comments?post=10935"}],"version-history":[{"count":3,"href":"https:\/\/www.sudoestehoje.com.br\/novoportal\/wp-json\/wp\/v2\/posts\/10935\/revisions"}],"predecessor-version":[{"id":10937,"href":"https:\/\/www.sudoestehoje.com.br\/novoportal\/wp-json\/wp\/v2\/posts\/10935\/revisions\/10937"}],"wp:attachment":[{"href":"https:\/\/www.sudoestehoje.com.br\/novoportal\/wp-json\/wp\/v2\/media?parent=10935"}],"wp:term":[{"taxonomy":"category","embeddable":true,"href":"https:\/\/www.sudoestehoje.com.br\/novoportal\/wp-json\/wp\/v2\/categories?post=10935"},{"taxonomy":"post_tag","embeddable":true,"href":"https:\/\/www.sudoestehoje.com.br\/novoportal\/wp-json\/wp\/v2\/tags?post=10935"}],"curies":[{"name":"wp","href":"https:\/\/api.w.org\/{rel}","templated":true}]}}