
{"id":109334,"date":"2023-04-21T08:41:56","date_gmt":"2023-04-21T11:41:56","guid":{"rendered":"https:\/\/www.sudoestehoje.com.br\/novoportal\/?p=109334"},"modified":"2023-04-21T15:05:36","modified_gmt":"2023-04-21T18:05:36","slug":"defesa-civil-de-itapetinga-alerta-para-tempo-chuvoso-ate-domingo","status":"publish","type":"post","link":"https:\/\/www.sudoestehoje.com.br\/novoportal\/2023\/04\/21\/defesa-civil-de-itapetinga-alerta-para-tempo-chuvoso-ate-domingo\/","title":{"rendered":"DEFESA CIVIL DE ITAPETINGA ALERTA PARA TEMPO CHUVOSO AT\u00c9 DOMINGO"},"content":{"rendered":"<p><a href=\"https:\/\/www.sudoestehoje.com.br\/novoportal\/wp-content\/uploads\/2023\/04\/WhatsApp-Image-2023-04-21-at-08.39.01.jpeg\"><img loading=\"lazy\" decoding=\"async\" class=\"aligncenter wp-image-109336\" src=\"https:\/\/www.sudoestehoje.com.br\/novoportal\/wp-content\/uploads\/2023\/04\/WhatsApp-Image-2023-04-21-at-08.39.01-600x338.jpeg\" alt=\"\" width=\"550\" height=\"310\" srcset=\"https:\/\/www.sudoestehoje.com.br\/novoportal\/wp-content\/uploads\/2023\/04\/WhatsApp-Image-2023-04-21-at-08.39.01-600x338.jpeg 600w, https:\/\/www.sudoestehoje.com.br\/novoportal\/wp-content\/uploads\/2023\/04\/WhatsApp-Image-2023-04-21-at-08.39.01-700x394.jpeg 700w, https:\/\/www.sudoestehoje.com.br\/novoportal\/wp-content\/uploads\/2023\/04\/WhatsApp-Image-2023-04-21-at-08.39.01-768x432.jpeg 768w, https:\/\/www.sudoestehoje.com.br\/novoportal\/wp-content\/uploads\/2023\/04\/WhatsApp-Image-2023-04-21-at-08.39.01-1536x865.jpeg 1536w, https:\/\/www.sudoestehoje.com.br\/novoportal\/wp-content\/uploads\/2023\/04\/WhatsApp-Image-2023-04-21-at-08.39.01.jpeg 1600w\" sizes=\"auto, (max-width: 550px) 100vw, 550px\" \/><\/a><\/p>\n<p><strong>A Defesa Civil de Itapetinga emitiu alerta de chuvas na cidade. Conforme comunicado emitido pelo Centro Nacional de Monitoramento e Alertas de Desastres Naturais (Cemaden), o acumulado de precipita\u00e7\u00f5es pode atingir 100 mil\u00edmetros at\u00e9 o pr\u00f3ximo domingo (23).<\/strong><\/p>\n<p><strong>O INMET tamb\u00e9m publicou aviso de intensas na regi\u00e3o, a partir desta quinta (20), com ventos fortes e risco de queda de galhos em \u00e1rvores e corte de energia el\u00e9trica.<\/strong><\/p>\n<p><strong>A Prefeitura orienta os moradores que se mantenham atentos, em suas resid\u00eancias, observando ind\u00edcios como desagrega\u00e7\u00e3o de solos em encostas, sinais sonoros, fissuras e rachaduras em im\u00f3veis.<\/strong><\/p>\n<p><strong>Em caso de emerg\u00eancia, a popula\u00e7\u00e3o deve entrar em contato atrav\u00e9s do n\u00famero: 156 &#8211; Defesa Civil<\/strong>.<\/p>\n","protected":false},"excerpt":{"rendered":"<p>A Defesa Civil de Itapetinga emitiu alerta de chuvas na cidade. Conforme comunicado emitido pelo Centro Nacional de Monitoramento e Alertas de Desastres Naturais (Cemaden), o acumulado de precipita\u00e7\u00f5es pode atingir 100 mil\u00edmetros at\u00e9 o pr\u00f3ximo domingo (23). O INMET tamb\u00e9m publicou aviso de intensas na regi\u00e3o, a partir desta quinta (20), com ventos fortes [&hellip;]<\/p>\n","protected":false},"author":2,"featured_media":109336,"comment_status":"closed","ping_status":"open","sticky":false,"template":"","format":"standard","meta":{"footnotes":"","_links_to":"","_links_to_target":""},"categories":[1],"tags":[],"class_list":["post-109334","post","type-post","status-publish","format-standard","has-post-thumbnail","hentry","category-geral"],"views":779,"_links":{"self":[{"href":"https:\/\/www.sudoestehoje.com.br\/novoportal\/wp-json\/wp\/v2\/posts\/109334","targetHints":{"allow":["GET"]}}],"collection":[{"href":"https:\/\/www.sudoestehoje.com.br\/novoportal\/wp-json\/wp\/v2\/posts"}],"about":[{"href":"https:\/\/www.sudoestehoje.com.br\/novoportal\/wp-json\/wp\/v2\/types\/post"}],"author":[{"embeddable":true,"href":"https:\/\/www.sudoestehoje.com.br\/novoportal\/wp-json\/wp\/v2\/users\/2"}],"replies":[{"embeddable":true,"href":"https:\/\/www.sudoestehoje.com.br\/novoportal\/wp-json\/wp\/v2\/comments?post=109334"}],"version-history":[{"count":6,"href":"https:\/\/www.sudoestehoje.com.br\/novoportal\/wp-json\/wp\/v2\/posts\/109334\/revisions"}],"predecessor-version":[{"id":109347,"href":"https:\/\/www.sudoestehoje.com.br\/novoportal\/wp-json\/wp\/v2\/posts\/109334\/revisions\/109347"}],"wp:featuredmedia":[{"embeddable":true,"href":"https:\/\/www.sudoestehoje.com.br\/novoportal\/wp-json\/wp\/v2\/media\/109336"}],"wp:attachment":[{"href":"https:\/\/www.sudoestehoje.com.br\/novoportal\/wp-json\/wp\/v2\/media?parent=109334"}],"wp:term":[{"taxonomy":"category","embeddable":true,"href":"https:\/\/www.sudoestehoje.com.br\/novoportal\/wp-json\/wp\/v2\/categories?post=109334"},{"taxonomy":"post_tag","embeddable":true,"href":"https:\/\/www.sudoestehoje.com.br\/novoportal\/wp-json\/wp\/v2\/tags?post=109334"}],"curies":[{"name":"wp","href":"https:\/\/api.w.org\/{rel}","templated":true}]}}