
{"id":109331,"date":"2023-04-21T08:06:24","date_gmt":"2023-04-21T11:06:24","guid":{"rendered":"https:\/\/www.sudoestehoje.com.br\/novoportal\/?p=109331"},"modified":"2023-04-21T08:06:24","modified_gmt":"2023-04-21T11:06:24","slug":"cidades-baianas-com-pior-crecimento-economico-sofreram-com-a-pandemia-e-baixa-em-producao","status":"publish","type":"post","link":"https:\/\/www.sudoestehoje.com.br\/novoportal\/2023\/04\/21\/cidades-baianas-com-pior-crecimento-economico-sofreram-com-a-pandemia-e-baixa-em-producao\/","title":{"rendered":"CIDADES BAIANAS COM PIOR CRECIMENTO ECON\u00d4MICO SOFRERAM COM A PANDEMIA E BAIXA EM PRODU\u00c7\u00c3O"},"content":{"rendered":"<p><a href=\"https:\/\/www.sudoestehoje.com.br\/novoportal\/wp-content\/uploads\/2023\/04\/TABELA-IDEM-1-jpeg.jpg\"><img loading=\"lazy\" decoding=\"async\" class=\"aligncenter  wp-image-109332\" src=\"https:\/\/www.sudoestehoje.com.br\/novoportal\/wp-content\/uploads\/2023\/04\/TABELA-IDEM-1-jpeg-600x600.jpg\" alt=\"\" width=\"551\" height=\"551\" srcset=\"https:\/\/www.sudoestehoje.com.br\/novoportal\/wp-content\/uploads\/2023\/04\/TABELA-IDEM-1-jpeg-600x600.jpg 600w, https:\/\/www.sudoestehoje.com.br\/novoportal\/wp-content\/uploads\/2023\/04\/TABELA-IDEM-1-jpeg-700x700.jpg 700w, https:\/\/www.sudoestehoje.com.br\/novoportal\/wp-content\/uploads\/2023\/04\/TABELA-IDEM-1-jpeg-150x150.jpg 150w, https:\/\/www.sudoestehoje.com.br\/novoportal\/wp-content\/uploads\/2023\/04\/TABELA-IDEM-1-jpeg-768x768.jpg 768w, https:\/\/www.sudoestehoje.com.br\/novoportal\/wp-content\/uploads\/2023\/04\/TABELA-IDEM-1-jpeg.jpg 1024w\" sizes=\"auto, (max-width: 551px) 100vw, 551px\" \/><\/a><\/p>\n<p><strong>Os impactos da pandemia da Covid-19 aliados \u00e0 queda na atividade tur\u00edstica e na produ\u00e7\u00e3o agr\u00edcola e mineral\u00a0impactaram na situa\u00e7\u00e3o dos dez munic\u00edpios baianos com pior taxa de crescimento no estado.<\/strong><\/p>\n<p><strong>Os dados foram enviados\u00a0ao Bahia Not\u00edcias pela Superintend\u00eancia de Estudos Econ\u00f4micos e Sociais da Bahia (SEI) e correspondem ao Idem [\u00cdndice da Din\u00e2mica Econ\u00f4mica Municipal] 2020, \u00faltimo ano pesquisado. O pior desempenho foi de Remanso, no Sert\u00e3o do S\u00e3o Francisco, seguido de Itaju\u00edpe, no Sul baiano.<\/strong><\/p>\n<p><strong>De acordo com a SEI, pelo fato de depender de forma substancial da administra\u00e7\u00e3o p\u00fablica, os dois munic\u00edpios foram afetados pelo impacto da pandemia do novo coronav\u00edrus. Em terceiro pior lugar, Cairu, no Baixo Sul, teve o crescimento econ\u00f4mico prejudicado devido \u00e0 baixa na produ\u00e7\u00e3o de g\u00e1s natural e da queda do turismo, tamb\u00e9m limitado por conta tamb\u00e9m da pandemia.<\/strong><\/p>\n<p><strong>Em quarto pior lugar ficou Saubara, no Rec\u00f4ncavo, outra vez afetada pela perda de receita durante a pandemia. Em quinto pior lugar, Dias d\u2019\u00c1vila, na RMS, foi impactada pela baixa na metalurgia do cobre. A lista dos dez piores crescimentos segue com Candeal, no Portal do Sert\u00e3o [administra\u00e7\u00e3o p\u00fablica-pandemia] e\u00a0Quijingue, na regi\u00e3o sisaleira [administra\u00e7\u00e3o p\u00fablica-pandemia e queda na produ\u00e7\u00e3o de milho e feij\u00e3o, por condi\u00e7\u00f5es clim\u00e1ticas desfavor\u00e1veis]<\/strong><\/p>\n<p><strong>A rela\u00e7\u00e3o tem ainda Aramari, no Agreste baiano [administra\u00e7\u00e3o p\u00fablica-pandemia e redu\u00e7\u00e3o de refino de asfalto]; Ibirapitanga, no Baixo Sul; e S\u00e3o Felipe, no Rec\u00f4ncavo, ambas afetadas pela baixa na economia pelos efeitos da Covid-19.\u00a0<\/strong><\/p>\n","protected":false},"excerpt":{"rendered":"<p>Os impactos da pandemia da Covid-19 aliados \u00e0 queda na atividade tur\u00edstica e na produ\u00e7\u00e3o agr\u00edcola e mineral\u00a0impactaram na situa\u00e7\u00e3o dos dez munic\u00edpios baianos com pior taxa de crescimento no estado. Os dados foram enviados\u00a0ao Bahia Not\u00edcias pela Superintend\u00eancia de Estudos Econ\u00f4micos e Sociais da Bahia (SEI) e correspondem ao Idem [\u00cdndice da Din\u00e2mica Econ\u00f4mica [&hellip;]<\/p>\n","protected":false},"author":2,"featured_media":0,"comment_status":"closed","ping_status":"open","sticky":false,"template":"","format":"standard","meta":{"footnotes":"","_links_to":"","_links_to_target":""},"categories":[1],"tags":[],"class_list":["post-109331","post","type-post","status-publish","format-standard","hentry","category-geral"],"views":583,"_links":{"self":[{"href":"https:\/\/www.sudoestehoje.com.br\/novoportal\/wp-json\/wp\/v2\/posts\/109331","targetHints":{"allow":["GET"]}}],"collection":[{"href":"https:\/\/www.sudoestehoje.com.br\/novoportal\/wp-json\/wp\/v2\/posts"}],"about":[{"href":"https:\/\/www.sudoestehoje.com.br\/novoportal\/wp-json\/wp\/v2\/types\/post"}],"author":[{"embeddable":true,"href":"https:\/\/www.sudoestehoje.com.br\/novoportal\/wp-json\/wp\/v2\/users\/2"}],"replies":[{"embeddable":true,"href":"https:\/\/www.sudoestehoje.com.br\/novoportal\/wp-json\/wp\/v2\/comments?post=109331"}],"version-history":[{"count":1,"href":"https:\/\/www.sudoestehoje.com.br\/novoportal\/wp-json\/wp\/v2\/posts\/109331\/revisions"}],"predecessor-version":[{"id":109333,"href":"https:\/\/www.sudoestehoje.com.br\/novoportal\/wp-json\/wp\/v2\/posts\/109331\/revisions\/109333"}],"wp:attachment":[{"href":"https:\/\/www.sudoestehoje.com.br\/novoportal\/wp-json\/wp\/v2\/media?parent=109331"}],"wp:term":[{"taxonomy":"category","embeddable":true,"href":"https:\/\/www.sudoestehoje.com.br\/novoportal\/wp-json\/wp\/v2\/categories?post=109331"},{"taxonomy":"post_tag","embeddable":true,"href":"https:\/\/www.sudoestehoje.com.br\/novoportal\/wp-json\/wp\/v2\/tags?post=109331"}],"curies":[{"name":"wp","href":"https:\/\/api.w.org\/{rel}","templated":true}]}}