
{"id":109300,"date":"2023-04-24T08:13:42","date_gmt":"2023-04-24T11:13:42","guid":{"rendered":"https:\/\/www.sudoestehoje.com.br\/novoportal\/?p=109300"},"modified":"2023-04-24T09:15:49","modified_gmt":"2023-04-24T12:15:49","slug":"credibahia-e-sebrae-promovem-ciclo-de-palestras-para-micro-emprendedores","status":"publish","type":"post","link":"https:\/\/www.sudoestehoje.com.br\/novoportal\/2023\/04\/24\/credibahia-e-sebrae-promovem-ciclo-de-palestras-para-micro-emprendedores\/","title":{"rendered":"CICLO DE PALESTRAS CREDIBAHIA E SEBRAE PARA MICRO EMPRENDEDORES COME\u00c7A HOJE"},"content":{"rendered":"<p>&nbsp;<\/p>\n<p><a href=\"https:\/\/www.sudoestehoje.com.br\/novoportal\/wp-content\/uploads\/2023\/04\/WhatsApp-Image-2023-04-20-at-09.30.57-1.jpeg\"><img loading=\"lazy\" decoding=\"async\" class=\"aligncenter wp-image-109313\" src=\"https:\/\/www.sudoestehoje.com.br\/novoportal\/wp-content\/uploads\/2023\/04\/WhatsApp-Image-2023-04-20-at-09.30.57-1-600x750.jpeg\" alt=\"\" width=\"549\" height=\"686\" srcset=\"https:\/\/www.sudoestehoje.com.br\/novoportal\/wp-content\/uploads\/2023\/04\/WhatsApp-Image-2023-04-20-at-09.30.57-1-600x750.jpeg 600w, https:\/\/www.sudoestehoje.com.br\/novoportal\/wp-content\/uploads\/2023\/04\/WhatsApp-Image-2023-04-20-at-09.30.57-1-700x875.jpeg 700w, https:\/\/www.sudoestehoje.com.br\/novoportal\/wp-content\/uploads\/2023\/04\/WhatsApp-Image-2023-04-20-at-09.30.57-1-768x960.jpeg 768w, https:\/\/www.sudoestehoje.com.br\/novoportal\/wp-content\/uploads\/2023\/04\/WhatsApp-Image-2023-04-20-at-09.30.57-1-1229x1536.jpeg 1229w, https:\/\/www.sudoestehoje.com.br\/novoportal\/wp-content\/uploads\/2023\/04\/WhatsApp-Image-2023-04-20-at-09.30.57-1.jpeg 1280w\" sizes=\"auto, (max-width: 549px) 100vw, 549px\" \/><\/a><\/p>\n<p><strong>Come\u00e7a nesta segunda-feira (24, em Itapetinga, o Ciclo de Palestras direcionados aos micro empreendedores do munic\u00edpio e regi\u00e3o, promovido pelo Credibahia e Sebrae, no Espa\u00e7o Colaborar localizado na Biblioteca Municipal, na Concha Ac\u00fastica, a partir das 19h.<\/strong><\/p>\n<p><strong>Ciclo de Palestras faz parte do Programa Quero Saber e conta com 30 vagas para cada oficina, reservadas a micro empreendedores, com total apoio da Prefeitura Municipal de Itapetinga, atrav\u00e9s das secretarias do Planejamento e Finan\u00e7as.<\/strong><\/p>\n<p><strong>As inscri\u00e7\u00f5es s\u00e3o gratuitas e continuam abertas at\u00e9 as 17h desta segunda-feira (24), no posto do Credibahia, situado na Rua Cel. Beliz\u00e1rio Ferraz, n\u00ba 17, em Itapetinga, ou pelo telefone (77) 99155-1881 (Patr\u00edcia).<\/strong><\/p>\n<p><strong>As palestras acontecer\u00e3o das 19 \u00e0s 23h, nos dias 24, 25, 26, 27 e 28 de abril. \/\/Ascom Credibahia\u00a0<\/strong><\/p>\n\n\t\t<style type=\"text\/css\">\n\t\t\t#gallery-1 {\n\t\t\t\tmargin: auto;\n\t\t\t}\n\t\t\t#gallery-1 .gallery-item {\n\t\t\t\tfloat: left;\n\t\t\t\tmargin-top: 10px;\n\t\t\t\ttext-align: center;\n\t\t\t\twidth: 33%;\n\t\t\t}\n\t\t\t#gallery-1 img {\n\t\t\t\tborder: 2px solid #cfcfcf;\n\t\t\t}\n\t\t\t#gallery-1 .gallery-caption {\n\t\t\t\tmargin-left: 0;\n\t\t\t}\n\t\t\t\/* see gallery_shortcode() in wp-includes\/media.php *\/\n\t\t<\/style>\n\t\t<div id='gallery-1' class='gallery galleryid-109300 gallery-columns-3 gallery-size-thumbnail'><dl class='gallery-item'>\n\t\t\t<dt class='gallery-icon portrait'>\n\t\t\t\t<a href='https:\/\/www.sudoestehoje.com.br\/novoportal\/2023\/04\/24\/credibahia-e-sebrae-promovem-ciclo-de-palestras-para-micro-emprendedores\/whatsapp-image-2023-04-20-at-09-30-57-1\/'><img loading=\"lazy\" decoding=\"async\" width=\"150\" height=\"150\" src=\"https:\/\/www.sudoestehoje.com.br\/novoportal\/wp-content\/uploads\/2023\/04\/WhatsApp-Image-2023-04-20-at-09.30.57-1-150x150.jpeg\" class=\"attachment-thumbnail size-thumbnail\" alt=\"\" \/><\/a>\n\t\t\t<\/dt><\/dl><dl class='gallery-item'>\n\t\t\t<dt class='gallery-icon portrait'>\n\t\t\t\t<a href='https:\/\/www.sudoestehoje.com.br\/novoportal\/2023\/04\/24\/credibahia-e-sebrae-promovem-ciclo-de-palestras-para-micro-emprendedores\/whatsapp-image-2023-04-20-at-09-30-57-2\/'><img loading=\"lazy\" decoding=\"async\" width=\"150\" height=\"150\" src=\"https:\/\/www.sudoestehoje.com.br\/novoportal\/wp-content\/uploads\/2023\/04\/WhatsApp-Image-2023-04-20-at-09.30.57-2-150x150.jpeg\" class=\"attachment-thumbnail size-thumbnail\" alt=\"\" \/><\/a>\n\t\t\t<\/dt><\/dl><dl class='gallery-item'>\n\t\t\t<dt class='gallery-icon portrait'>\n\t\t\t\t<a href='https:\/\/www.sudoestehoje.com.br\/novoportal\/2023\/04\/24\/credibahia-e-sebrae-promovem-ciclo-de-palestras-para-micro-emprendedores\/whatsapp-image-2023-04-20-at-09-30-58-2\/'><img loading=\"lazy\" decoding=\"async\" width=\"150\" height=\"150\" src=\"https:\/\/www.sudoestehoje.com.br\/novoportal\/wp-content\/uploads\/2023\/04\/WhatsApp-Image-2023-04-20-at-09.30.58-1-150x150.jpeg\" class=\"attachment-thumbnail size-thumbnail\" alt=\"\" \/><\/a>\n\t\t\t<\/dt><\/dl><br style=\"clear: both\" \/>\n\t\t<\/div>\n\n","protected":false},"excerpt":{"rendered":"<p>&nbsp; Come\u00e7a nesta segunda-feira (24, em Itapetinga, o Ciclo de Palestras direcionados aos micro empreendedores do munic\u00edpio e regi\u00e3o, promovido pelo Credibahia e Sebrae, no Espa\u00e7o Colaborar localizado na Biblioteca Municipal, na Concha Ac\u00fastica, a partir das 19h. Ciclo de Palestras faz parte do Programa Quero Saber e conta com 30 vagas para cada oficina, [&hellip;]<\/p>\n","protected":false},"author":2,"featured_media":109313,"comment_status":"closed","ping_status":"open","sticky":false,"template":"","format":"standard","meta":{"footnotes":"","_links_to":"","_links_to_target":""},"categories":[1],"tags":[],"class_list":["post-109300","post","type-post","status-publish","format-standard","has-post-thumbnail","hentry","category-geral"],"views":822,"_links":{"self":[{"href":"https:\/\/www.sudoestehoje.com.br\/novoportal\/wp-json\/wp\/v2\/posts\/109300","targetHints":{"allow":["GET"]}}],"collection":[{"href":"https:\/\/www.sudoestehoje.com.br\/novoportal\/wp-json\/wp\/v2\/posts"}],"about":[{"href":"https:\/\/www.sudoestehoje.com.br\/novoportal\/wp-json\/wp\/v2\/types\/post"}],"author":[{"embeddable":true,"href":"https:\/\/www.sudoestehoje.com.br\/novoportal\/wp-json\/wp\/v2\/users\/2"}],"replies":[{"embeddable":true,"href":"https:\/\/www.sudoestehoje.com.br\/novoportal\/wp-json\/wp\/v2\/comments?post=109300"}],"version-history":[{"count":13,"href":"https:\/\/www.sudoestehoje.com.br\/novoportal\/wp-json\/wp\/v2\/posts\/109300\/revisions"}],"predecessor-version":[{"id":109417,"href":"https:\/\/www.sudoestehoje.com.br\/novoportal\/wp-json\/wp\/v2\/posts\/109300\/revisions\/109417"}],"wp:featuredmedia":[{"embeddable":true,"href":"https:\/\/www.sudoestehoje.com.br\/novoportal\/wp-json\/wp\/v2\/media\/109313"}],"wp:attachment":[{"href":"https:\/\/www.sudoestehoje.com.br\/novoportal\/wp-json\/wp\/v2\/media?parent=109300"}],"wp:term":[{"taxonomy":"category","embeddable":true,"href":"https:\/\/www.sudoestehoje.com.br\/novoportal\/wp-json\/wp\/v2\/categories?post=109300"},{"taxonomy":"post_tag","embeddable":true,"href":"https:\/\/www.sudoestehoje.com.br\/novoportal\/wp-json\/wp\/v2\/tags?post=109300"}],"curies":[{"name":"wp","href":"https:\/\/api.w.org\/{rel}","templated":true}]}}