
{"id":109295,"date":"2023-04-20T07:36:50","date_gmt":"2023-04-20T10:36:50","guid":{"rendered":"https:\/\/www.sudoestehoje.com.br\/novoportal\/?p=109295"},"modified":"2023-04-20T08:40:38","modified_gmt":"2023-04-20T11:40:38","slug":"itapetinga-abertura-do-pronto-socorro-do-cristo-esta-prevista-para-esta-sexta","status":"publish","type":"post","link":"https:\/\/www.sudoestehoje.com.br\/novoportal\/2023\/04\/20\/itapetinga-abertura-do-pronto-socorro-do-cristo-esta-prevista-para-esta-sexta\/","title":{"rendered":"ITAPETINGA | ABERTURA DO PRONTO SOCORRO DO CRISTO EST\u00c1 PREVISTA PARA ESTA QUINTA"},"content":{"rendered":"<p><a href=\"https:\/\/www.sudoestehoje.com.br\/novoportal\/wp-content\/uploads\/2023\/04\/20220803_073728-1-1.jpg\"><img loading=\"lazy\" decoding=\"async\" class=\"aligncenter size-medium wp-image-109297\" src=\"https:\/\/www.sudoestehoje.com.br\/novoportal\/wp-content\/uploads\/2023\/04\/20220803_073728-1-1-600x345.jpg\" alt=\"\" width=\"600\" height=\"345\" srcset=\"https:\/\/www.sudoestehoje.com.br\/novoportal\/wp-content\/uploads\/2023\/04\/20220803_073728-1-1-600x345.jpg 600w, https:\/\/www.sudoestehoje.com.br\/novoportal\/wp-content\/uploads\/2023\/04\/20220803_073728-1-1-700x402.jpg 700w, https:\/\/www.sudoestehoje.com.br\/novoportal\/wp-content\/uploads\/2023\/04\/20220803_073728-1-1-768x441.jpg 768w, https:\/\/www.sudoestehoje.com.br\/novoportal\/wp-content\/uploads\/2023\/04\/20220803_073728-1-1.jpg 996w\" sizes=\"auto, (max-width: 600px) 100vw, 600px\" \/><\/a><\/p>\n<p><strong>No final da tarde desta quinta-feira (20), vence o prazo de 48 horas estabelecido pela justi\u00e7a para reabertura do Pronto Socorro do Hospital Cristo Redentor, em Itapetinga, depois da suspens\u00e3o dos servi\u00e7os devido \u00e0 n\u00e3o renova\u00e7\u00e3o contratual com o munic\u00edpio.<\/strong><\/p>\n<p><strong>Durante a semana, os atendimentos dos casos de urg\u00eancia e emerg\u00eancia foram realizados pela UPA, no aguardo de uma solu\u00e7\u00e3o entre as partes envolvidas, que acabou sendo decidido judicialmente.<\/strong><\/p>\n<p><strong>Nesse intervalo, a Funda\u00e7\u00e3o Jos\u00e9 Silveira realizou reparos e adapta\u00e7\u00f5es no espa\u00e7o de atendimento ao p\u00fablico e dever\u00e1 anunciar, em nota, o hor\u00e1rio do retorno, ainda hoje.<\/strong><\/p>\n<p><strong><em>Por Davi Ferraz<\/em><\/strong><\/p>\n","protected":false},"excerpt":{"rendered":"<p>No final da tarde desta quinta-feira (20), vence o prazo de 48 horas estabelecido pela justi\u00e7a para reabertura do Pronto Socorro do Hospital Cristo Redentor, em Itapetinga, depois da suspens\u00e3o dos servi\u00e7os devido \u00e0 n\u00e3o renova\u00e7\u00e3o contratual com o munic\u00edpio. Durante a semana, os atendimentos dos casos de urg\u00eancia e emerg\u00eancia foram realizados pela UPA, [&hellip;]<\/p>\n","protected":false},"author":2,"featured_media":109297,"comment_status":"closed","ping_status":"open","sticky":false,"template":"","format":"standard","meta":{"footnotes":"","_links_to":"","_links_to_target":""},"categories":[1],"tags":[],"class_list":["post-109295","post","type-post","status-publish","format-standard","has-post-thumbnail","hentry","category-geral"],"views":1284,"_links":{"self":[{"href":"https:\/\/www.sudoestehoje.com.br\/novoportal\/wp-json\/wp\/v2\/posts\/109295","targetHints":{"allow":["GET"]}}],"collection":[{"href":"https:\/\/www.sudoestehoje.com.br\/novoportal\/wp-json\/wp\/v2\/posts"}],"about":[{"href":"https:\/\/www.sudoestehoje.com.br\/novoportal\/wp-json\/wp\/v2\/types\/post"}],"author":[{"embeddable":true,"href":"https:\/\/www.sudoestehoje.com.br\/novoportal\/wp-json\/wp\/v2\/users\/2"}],"replies":[{"embeddable":true,"href":"https:\/\/www.sudoestehoje.com.br\/novoportal\/wp-json\/wp\/v2\/comments?post=109295"}],"version-history":[{"count":3,"href":"https:\/\/www.sudoestehoje.com.br\/novoportal\/wp-json\/wp\/v2\/posts\/109295\/revisions"}],"predecessor-version":[{"id":109299,"href":"https:\/\/www.sudoestehoje.com.br\/novoportal\/wp-json\/wp\/v2\/posts\/109295\/revisions\/109299"}],"wp:featuredmedia":[{"embeddable":true,"href":"https:\/\/www.sudoestehoje.com.br\/novoportal\/wp-json\/wp\/v2\/media\/109297"}],"wp:attachment":[{"href":"https:\/\/www.sudoestehoje.com.br\/novoportal\/wp-json\/wp\/v2\/media?parent=109295"}],"wp:term":[{"taxonomy":"category","embeddable":true,"href":"https:\/\/www.sudoestehoje.com.br\/novoportal\/wp-json\/wp\/v2\/categories?post=109295"},{"taxonomy":"post_tag","embeddable":true,"href":"https:\/\/www.sudoestehoje.com.br\/novoportal\/wp-json\/wp\/v2\/tags?post=109295"}],"curies":[{"name":"wp","href":"https:\/\/api.w.org\/{rel}","templated":true}]}}