
{"id":10926,"date":"2011-12-02T22:41:51","date_gmt":"2011-12-03T01:41:51","guid":{"rendered":"http:\/\/www.sudoestehoje.com.br\/novoportal\/?p=10926"},"modified":"2011-12-02T22:51:40","modified_gmt":"2011-12-03T01:51:40","slug":"alfredo-cabral-tem-encontro-com-o-vice-otto-alencar","status":"publish","type":"post","link":"https:\/\/www.sudoestehoje.com.br\/novoportal\/2011\/12\/02\/alfredo-cabral-tem-encontro-com-o-vice-otto-alencar\/","title":{"rendered":"ALFREDO CABRAL TEM ENCONTRO COM O VICE OTTO ALENCAR"},"content":{"rendered":"<div id=\"attachment_10929\" style=\"width: 410px\" class=\"wp-caption aligncenter\"><a href=\"http:\/\/www.sudoestehoje.com.br\/novoportal\/wp-content\/uploads\/2011\/12\/ALFREDO-OTTO-1.jpg\"><img loading=\"lazy\" decoding=\"async\" aria-describedby=\"caption-attachment-10929\" class=\"size-medium wp-image-10929  \" title=\"ALFREDO - OTTO 1\" src=\"http:\/\/www.sudoestehoje.com.br\/novoportal\/wp-content\/uploads\/2011\/12\/ALFREDO-OTTO-1-500x375.jpg\" alt=\"\" width=\"400\" height=\"300\" srcset=\"https:\/\/www.sudoestehoje.com.br\/novoportal\/wp-content\/uploads\/2011\/12\/ALFREDO-OTTO-1-500x375.jpg 500w, https:\/\/www.sudoestehoje.com.br\/novoportal\/wp-content\/uploads\/2011\/12\/ALFREDO-OTTO-1-1024x768.jpg 1024w\" sizes=\"auto, (max-width: 400px) 100vw, 400px\" \/><\/a><p id=\"caption-attachment-10929\" class=\"wp-caption-text\">O vice-Governador e Secret\u00e1rio da Infra-estrutura, Otto Alencar, ouviu com aten\u00e7\u00e3o as reivindica\u00e7\u00f5es do vereador Alfredo Cabral e da deputada \u00c2ngela Souza, em benef\u00edcio de Itapetinga e regi\u00e3o.<\/p><\/div>\n<p>Depois de ter assumido a dire\u00e7\u00e3o municipal do PSD, o vereador Alfredo Cabral teve o seu primeiro encontro pol\u00edtico-administrativo com o vice-governador Otto Alencar, em Salvador, para tratar de diversos assuntos do interesse de Itapetinga. \u00a0Acompanhado da deputada estadual \u00c2ngela Souza, Alfredo muito bem\u00a0recebido pelo Vice-Governador e Secret\u00e1rio da Infraestrutura do  Estado da Bahia, onde v\u00e1rias reivindica\u00e7\u00f5es foram efetuadas em benef\u00edcio da popula\u00e7\u00e3o de  Itapetinga. Otto garantiu que vai estudar com interesse as reivindica\u00e7\u00f5es do edil.<\/p>\n<p><strong><em>Da Reda\u00e7\u00e3o<\/em><\/strong><\/p>\n","protected":false},"excerpt":{"rendered":"<p>Depois de ter assumido a dire\u00e7\u00e3o municipal do PSD, o vereador Alfredo Cabral teve o seu primeiro encontro pol\u00edtico-administrativo com o vice-governador Otto Alencar, em Salvador, para tratar de diversos assuntos do interesse de Itapetinga. \u00a0Acompanhado da deputada estadual \u00c2ngela Souza, Alfredo muito bem\u00a0recebido pelo Vice-Governador e Secret\u00e1rio da Infraestrutura do Estado da Bahia, onde [&hellip;]<\/p>\n","protected":false},"author":2,"featured_media":0,"comment_status":"open","ping_status":"open","sticky":false,"template":"","format":"standard","meta":{"footnotes":"","_links_to":"","_links_to_target":""},"categories":[1],"tags":[],"class_list":["post-10926","post","type-post","status-publish","format-standard","hentry","category-geral"],"views":1051,"_links":{"self":[{"href":"https:\/\/www.sudoestehoje.com.br\/novoportal\/wp-json\/wp\/v2\/posts\/10926","targetHints":{"allow":["GET"]}}],"collection":[{"href":"https:\/\/www.sudoestehoje.com.br\/novoportal\/wp-json\/wp\/v2\/posts"}],"about":[{"href":"https:\/\/www.sudoestehoje.com.br\/novoportal\/wp-json\/wp\/v2\/types\/post"}],"author":[{"embeddable":true,"href":"https:\/\/www.sudoestehoje.com.br\/novoportal\/wp-json\/wp\/v2\/users\/2"}],"replies":[{"embeddable":true,"href":"https:\/\/www.sudoestehoje.com.br\/novoportal\/wp-json\/wp\/v2\/comments?post=10926"}],"version-history":[{"count":7,"href":"https:\/\/www.sudoestehoje.com.br\/novoportal\/wp-json\/wp\/v2\/posts\/10926\/revisions"}],"predecessor-version":[{"id":10932,"href":"https:\/\/www.sudoestehoje.com.br\/novoportal\/wp-json\/wp\/v2\/posts\/10926\/revisions\/10932"}],"wp:attachment":[{"href":"https:\/\/www.sudoestehoje.com.br\/novoportal\/wp-json\/wp\/v2\/media?parent=10926"}],"wp:term":[{"taxonomy":"category","embeddable":true,"href":"https:\/\/www.sudoestehoje.com.br\/novoportal\/wp-json\/wp\/v2\/categories?post=10926"},{"taxonomy":"post_tag","embeddable":true,"href":"https:\/\/www.sudoestehoje.com.br\/novoportal\/wp-json\/wp\/v2\/tags?post=10926"}],"curies":[{"name":"wp","href":"https:\/\/api.w.org\/{rel}","templated":true}]}}