
{"id":109214,"date":"2023-04-16T18:18:58","date_gmt":"2023-04-16T21:18:58","guid":{"rendered":"https:\/\/www.sudoestehoje.com.br\/novoportal\/?p=109214"},"modified":"2023-04-16T18:18:58","modified_gmt":"2023-04-16T21:18:58","slug":"itapetinga-nota-de-esclarecimento-da-secretaria-municipal-de-saude","status":"publish","type":"post","link":"https:\/\/www.sudoestehoje.com.br\/novoportal\/2023\/04\/16\/itapetinga-nota-de-esclarecimento-da-secretaria-municipal-de-saude\/","title":{"rendered":"ITAPETINGA | NOTA DE ESCLARECIMENTO DA SECRETARIA MUNICIPAL DE SA\u00daDE"},"content":{"rendered":"<p><a href=\"https:\/\/www.sudoestehoje.com.br\/novoportal\/wp-content\/uploads\/2023\/04\/WhatsApp-Image-2021-09-30-at-14.56.58-990x527-1.jpeg\"><img loading=\"lazy\" decoding=\"async\" class=\"aligncenter  wp-image-109216\" src=\"https:\/\/www.sudoestehoje.com.br\/novoportal\/wp-content\/uploads\/2023\/04\/WhatsApp-Image-2021-09-30-at-14.56.58-990x527-1-600x319.jpeg\" alt=\"\" width=\"549\" height=\"292\" srcset=\"https:\/\/www.sudoestehoje.com.br\/novoportal\/wp-content\/uploads\/2023\/04\/WhatsApp-Image-2021-09-30-at-14.56.58-990x527-1-600x319.jpeg 600w, https:\/\/www.sudoestehoje.com.br\/novoportal\/wp-content\/uploads\/2023\/04\/WhatsApp-Image-2021-09-30-at-14.56.58-990x527-1-700x373.jpeg 700w, https:\/\/www.sudoestehoje.com.br\/novoportal\/wp-content\/uploads\/2023\/04\/WhatsApp-Image-2021-09-30-at-14.56.58-990x527-1-768x409.jpeg 768w, https:\/\/www.sudoestehoje.com.br\/novoportal\/wp-content\/uploads\/2023\/04\/WhatsApp-Image-2021-09-30-at-14.56.58-990x527-1.jpeg 990w\" sizes=\"auto, (max-width: 549px) 100vw, 549px\" \/><\/a><\/p>\n<p><strong>No dia 25 de mar\u00e7o, o prazo do contrato existente entre prefeitura de Itapetinga e Funda\u00e7\u00e3o Jos\u00e9 Silveira foi encerrado. Inicialmente, a prefeitura prop\u00f4s um aditivo de prazo no contrato ent\u00e3o extinto. No entanto, insatisfeita com o servi\u00e7o oferecido pela funda\u00e7\u00e3o e diante sua recusa em assinar o aditivo proposto, o poder p\u00fablico decidiu, nesta quinta-feira, 30, n\u00e3o prorrogar o contrato (que teve aditivo tornado sem efeito) com a FJS e debater, posteriormente, a possibilidade de renova\u00e7\u00e3o do v\u00ednculo, enquanto busca solu\u00e7\u00f5es para oferecer melhor assist\u00eancia \u00e0 sa\u00fade.<\/strong><\/p>\n<p><strong>Na \u00faltima quinta-feira, 13, em reuni\u00e3o com o Minist\u00e9rio P\u00fablico, o munic\u00edpio se comprometeu a mandar uma nova proposta \u00e0 Funda\u00e7\u00e3o. O documento foi enviado na sexta-feira e, antes de obter qualquer resposta, a Funda\u00e7\u00e3o encerrou os atendimentos no Pronto Socorro.<\/strong><\/p>\n<p><strong>A partir de agora, os servi\u00e7os de Pronto Atendimento ser\u00e3o realizados pela UPA. A unidade j\u00e1 recebeu refor\u00e7o na equipe (novos m\u00e9dicos foram contratados e a equipe de enfermagem foi dobrada) e seguir\u00e1 atendendo 24 horas por dia, durante os sete dias da semana. Os postos de sa\u00fade e toda a rede de aten\u00e7\u00e3o prim\u00e1ria tamb\u00e9m passaram por uma reestrutura\u00e7\u00e3o para organizar o fluxo, acolher a nova demanda e evitar superlota\u00e7\u00e3o na UPA.<\/strong><\/p>\n<p><strong>\u201cH\u00e1 anos, a gente vinha mantendo um servi\u00e7o deficit\u00e1rio. Os pacientes chegavam ao hospital e precisavam aguardar regula\u00e7\u00e3o para atendimentos simples que deveriam ser prestados no munic\u00edpio, de forma imediata. A prefeitura n\u00e3o estava satisfeita com o servi\u00e7o pelo qual ela pagava, mas a popula\u00e7\u00e3o n\u00e3o recebia. Com o fim do contrato, decidimos, ent\u00e3o, buscar alternativas para assistir o nosso povo de forma direta. Seguimos reavaliando o fluxo e aperfei\u00e7oando o atendimento. Em breve, os itapetinguenses poder\u00e3o contar com um servi\u00e7o hospitalar mais completo, confi\u00e1vel e mais humanizado, que ofere\u00e7a conforto, seguran\u00e7a e fa\u00e7a, de fato, sa\u00fade p\u00fablica no munic\u00edpio\u201d, explicou a secret\u00e1ria Rosania Rabelo. \/\/Ascom PMI<\/strong><\/p>\n","protected":false},"excerpt":{"rendered":"<p>No dia 25 de mar\u00e7o, o prazo do contrato existente entre prefeitura de Itapetinga e Funda\u00e7\u00e3o Jos\u00e9 Silveira foi encerrado. Inicialmente, a prefeitura prop\u00f4s um aditivo de prazo no contrato ent\u00e3o extinto. No entanto, insatisfeita com o servi\u00e7o oferecido pela funda\u00e7\u00e3o e diante sua recusa em assinar o aditivo proposto, o poder p\u00fablico decidiu, nesta [&hellip;]<\/p>\n","protected":false},"author":2,"featured_media":109216,"comment_status":"closed","ping_status":"open","sticky":false,"template":"","format":"standard","meta":{"footnotes":"","_links_to":"","_links_to_target":""},"categories":[1],"tags":[],"class_list":["post-109214","post","type-post","status-publish","format-standard","has-post-thumbnail","hentry","category-geral"],"views":751,"_links":{"self":[{"href":"https:\/\/www.sudoestehoje.com.br\/novoportal\/wp-json\/wp\/v2\/posts\/109214","targetHints":{"allow":["GET"]}}],"collection":[{"href":"https:\/\/www.sudoestehoje.com.br\/novoportal\/wp-json\/wp\/v2\/posts"}],"about":[{"href":"https:\/\/www.sudoestehoje.com.br\/novoportal\/wp-json\/wp\/v2\/types\/post"}],"author":[{"embeddable":true,"href":"https:\/\/www.sudoestehoje.com.br\/novoportal\/wp-json\/wp\/v2\/users\/2"}],"replies":[{"embeddable":true,"href":"https:\/\/www.sudoestehoje.com.br\/novoportal\/wp-json\/wp\/v2\/comments?post=109214"}],"version-history":[{"count":2,"href":"https:\/\/www.sudoestehoje.com.br\/novoportal\/wp-json\/wp\/v2\/posts\/109214\/revisions"}],"predecessor-version":[{"id":109217,"href":"https:\/\/www.sudoestehoje.com.br\/novoportal\/wp-json\/wp\/v2\/posts\/109214\/revisions\/109217"}],"wp:featuredmedia":[{"embeddable":true,"href":"https:\/\/www.sudoestehoje.com.br\/novoportal\/wp-json\/wp\/v2\/media\/109216"}],"wp:attachment":[{"href":"https:\/\/www.sudoestehoje.com.br\/novoportal\/wp-json\/wp\/v2\/media?parent=109214"}],"wp:term":[{"taxonomy":"category","embeddable":true,"href":"https:\/\/www.sudoestehoje.com.br\/novoportal\/wp-json\/wp\/v2\/categories?post=109214"},{"taxonomy":"post_tag","embeddable":true,"href":"https:\/\/www.sudoestehoje.com.br\/novoportal\/wp-json\/wp\/v2\/tags?post=109214"}],"curies":[{"name":"wp","href":"https:\/\/api.w.org\/{rel}","templated":true}]}}