
{"id":109192,"date":"2023-04-15T08:01:52","date_gmt":"2023-04-15T11:01:52","guid":{"rendered":"https:\/\/www.sudoestehoje.com.br\/novoportal\/?p=109192"},"modified":"2023-04-15T08:09:49","modified_gmt":"2023-04-15T11:09:49","slug":"cidade-vioenta-duas-pessoas-sao-mortas-e-uma-fica-ferida-em-barra-do-choca","status":"publish","type":"post","link":"https:\/\/www.sudoestehoje.com.br\/novoportal\/2023\/04\/15\/cidade-vioenta-duas-pessoas-sao-mortas-e-uma-fica-ferida-em-barra-do-choca\/","title":{"rendered":"CIDADE VIOLENTA | DUAS PESSOAS S\u00c3O MORTAS E UMA FICA FERIDA EM BARRA DO CHO\u00c7A"},"content":{"rendered":"<div id=\"chunk-1th8t\">\n<div class=\"mc-column content-text active-extra-styles \" data-block-type=\"unstyled\" data-block-weight=\"47\" data-block-id=\"3\">\n<p data-track-category=\"Link no Texto\" data-track-links=\"\"><a href=\"https:\/\/www.sudoestehoje.com.br\/novoportal\/wp-content\/uploads\/2023\/04\/BC-01-420x340-2.jpg\"><img loading=\"lazy\" decoding=\"async\" class=\"aligncenter wp-image-109197\" src=\"https:\/\/www.sudoestehoje.com.br\/novoportal\/wp-content\/uploads\/2023\/04\/BC-01-420x340-2.jpg\" alt=\"\" width=\"549\" height=\"444\" \/><\/a><\/p>\n<p class=\"content-text__container \" data-track-category=\"Link no Texto\" data-track-links=\"\"><strong>Um homem e uma mulher foram mortos a tiros e uma pessoa ficou ferida em uma pra\u00e7a na cidade de\u00a0<a class=\"\" href=\"https:\/\/g1.globo.com\/ba\/bahia\/cidade\/barra-do-choca\/\">Barra do Cho\u00e7a<\/a>, no sudoeste da Bahia. Segundo a Pol\u00edcia Militar, o crime ocorreu na noite de quinta-feira (13) e at\u00e9 esta sexta-feira (14) ningu\u00e9m foi preso.<\/strong><\/p>\n<\/div>\n<\/div>\n<div class=\"wall protected-content\">\n<div id=\"chunk-bd7o2\">\n<div class=\"mc-column content-text active-extra-styles \" data-block-type=\"unstyled\" data-block-weight=\"23\" data-block-id=\"4\">\n<p class=\"content-text__container \" data-track-category=\"Link no Texto\" data-track-links=\"\"><strong>As v\u00edtima foram identificadas como J\u00e9ssica Oliveira Souza, de 28 anos, e Igor Silva dos Santos, de 27 anos. Ambos morreram no local.<\/strong><\/p>\n<\/div>\n<\/div>\n<div id=\"chunk-2utu8\">\n<div class=\"mc-column content-text active-extra-styles \" data-block-type=\"unstyled\" data-block-weight=\"32\" data-block-id=\"5\">\n<p class=\"content-text__container \" data-track-category=\"Link no Texto\" data-track-links=\"\"><strong>A terceira pessoa baleada n\u00e3o teve o nome divulgado. Ela foi levada para um hospital de\u00a0<a class=\"\" href=\"https:\/\/g1.globo.com\/ba\/bahia\/cidade\/vitoria-da-conquista\/\">Vit\u00f3ria da Conquista<\/a>, tamb\u00e9m no sudoeste do estado. O estado de sa\u00fade dela n\u00e3o foi informado.<\/strong><\/p>\n<p data-track-category=\"Link no Texto\" data-track-links=\"\"><strong>N\u00e3o h\u00e1 informa\u00e7\u00f5es sobre a motiva\u00e7\u00e3o do crime.<\/strong><\/p>\n<p data-track-category=\"Link no Texto\" data-track-links=\"\">\n<\/div>\n<\/div>\n<\/div>\n","protected":false},"excerpt":{"rendered":"<p>Um homem e uma mulher foram mortos a tiros e uma pessoa ficou ferida em uma pra\u00e7a na cidade de\u00a0Barra do Cho\u00e7a, no sudoeste da Bahia. Segundo a Pol\u00edcia Militar, o crime ocorreu na noite de quinta-feira (13) e at\u00e9 esta sexta-feira (14) ningu\u00e9m foi preso. As v\u00edtima foram identificadas como J\u00e9ssica Oliveira Souza, de [&hellip;]<\/p>\n","protected":false},"author":2,"featured_media":109193,"comment_status":"closed","ping_status":"open","sticky":false,"template":"","format":"standard","meta":{"footnotes":"","_links_to":"","_links_to_target":""},"categories":[1],"tags":[],"class_list":["post-109192","post","type-post","status-publish","format-standard","has-post-thumbnail","hentry","category-geral"],"views":669,"_links":{"self":[{"href":"https:\/\/www.sudoestehoje.com.br\/novoportal\/wp-json\/wp\/v2\/posts\/109192","targetHints":{"allow":["GET"]}}],"collection":[{"href":"https:\/\/www.sudoestehoje.com.br\/novoportal\/wp-json\/wp\/v2\/posts"}],"about":[{"href":"https:\/\/www.sudoestehoje.com.br\/novoportal\/wp-json\/wp\/v2\/types\/post"}],"author":[{"embeddable":true,"href":"https:\/\/www.sudoestehoje.com.br\/novoportal\/wp-json\/wp\/v2\/users\/2"}],"replies":[{"embeddable":true,"href":"https:\/\/www.sudoestehoje.com.br\/novoportal\/wp-json\/wp\/v2\/comments?post=109192"}],"version-history":[{"count":4,"href":"https:\/\/www.sudoestehoje.com.br\/novoportal\/wp-json\/wp\/v2\/posts\/109192\/revisions"}],"predecessor-version":[{"id":109199,"href":"https:\/\/www.sudoestehoje.com.br\/novoportal\/wp-json\/wp\/v2\/posts\/109192\/revisions\/109199"}],"wp:featuredmedia":[{"embeddable":true,"href":"https:\/\/www.sudoestehoje.com.br\/novoportal\/wp-json\/wp\/v2\/media\/109193"}],"wp:attachment":[{"href":"https:\/\/www.sudoestehoje.com.br\/novoportal\/wp-json\/wp\/v2\/media?parent=109192"}],"wp:term":[{"taxonomy":"category","embeddable":true,"href":"https:\/\/www.sudoestehoje.com.br\/novoportal\/wp-json\/wp\/v2\/categories?post=109192"},{"taxonomy":"post_tag","embeddable":true,"href":"https:\/\/www.sudoestehoje.com.br\/novoportal\/wp-json\/wp\/v2\/tags?post=109192"}],"curies":[{"name":"wp","href":"https:\/\/api.w.org\/{rel}","templated":true}]}}