
{"id":109163,"date":"2023-04-14T08:48:17","date_gmt":"2023-04-14T11:48:17","guid":{"rendered":"https:\/\/www.sudoestehoje.com.br\/novoportal\/?p=109163"},"modified":"2023-04-14T08:48:17","modified_gmt":"2023-04-14T11:48:17","slug":"itabuna-filho-do-ex-prefeito-fernando-gomes-e-transferido-para-prisao-na-bahia-apos-ser-condenado-e-preso-por-matar-vaqueiro","status":"publish","type":"post","link":"https:\/\/www.sudoestehoje.com.br\/novoportal\/2023\/04\/14\/itabuna-filho-do-ex-prefeito-fernando-gomes-e-transferido-para-prisao-na-bahia-apos-ser-condenado-e-preso-por-matar-vaqueiro\/","title":{"rendered":"ITABUNA | FILHO DO EX-PREFEITO FERNANDO GOMES \u00c9 TRANSFERIDO PARA PRIS\u00c3O NA BAHIA AP\u00d3S SER CONDENADO E PRESO POR MATAR VAQUEIRO"},"content":{"rendered":"<div id=\"chunk-6a1fu\">\n<div class=\"mc-column content-text active-extra-styles \" data-block-type=\"unstyled\" data-block-weight=\"43\" data-block-id=\"3\">\n<p data-track-category=\"Link no Texto\" data-track-links=\"\"><a href=\"https:\/\/www.sudoestehoje.com.br\/novoportal\/wp-content\/uploads\/2023\/04\/jandira-dantas-54-.webp\"><img loading=\"lazy\" decoding=\"async\" class=\"aligncenter  wp-image-109166\" src=\"https:\/\/www.sudoestehoje.com.br\/novoportal\/wp-content\/uploads\/2023\/04\/jandira-dantas-54--600x376.webp\" alt=\"\" width=\"549\" height=\"344\" srcset=\"https:\/\/www.sudoestehoje.com.br\/novoportal\/wp-content\/uploads\/2023\/04\/jandira-dantas-54--600x376.webp 600w, https:\/\/www.sudoestehoje.com.br\/novoportal\/wp-content\/uploads\/2023\/04\/jandira-dantas-54--700x438.webp 700w, https:\/\/www.sudoestehoje.com.br\/novoportal\/wp-content\/uploads\/2023\/04\/jandira-dantas-54--768x481.webp 768w, https:\/\/www.sudoestehoje.com.br\/novoportal\/wp-content\/uploads\/2023\/04\/jandira-dantas-54-.webp 984w\" sizes=\"auto, (max-width: 549px) 100vw, 549px\" \/><\/a><\/p>\n<p class=\"content-text__container \" data-track-category=\"Link no Texto\" data-track-links=\"\"><strong>O filho do prefeito do\u00a0ex-prefeito\u00a0de\u00a0Itabuna, Markson Gomes, conhecido como Marcos Gomes, foi transferido para o Conjunto Penal da cidade nesta quinta-feira (13). O empres\u00e1rio foi preso em 2022, na cidade de Aracaju, por um crime cometido em 2006.<\/strong><\/p>\n<\/div>\n<\/div>\n<div class=\"wall protected-content\">\n<div id=\"chunk-b2kor\">\n<div class=\"mc-column content-text active-extra-styles \" data-block-type=\"unstyled\" data-block-weight=\"38\" data-block-id=\"4\">\n<p class=\"content-text__container \" data-track-category=\"Link no Texto\" data-track-links=\"\"><strong>Marcos foi acusado de\u00a0torturar e matar o vaqueiro\u00a0Alexandro Honorato na cidade de Floresta Azul, tamb\u00e9m no sul do estado. Ele foi preso pelo crime pela primeira vez em 2020, mas acabou sendo\u00a0liberado pela Justi\u00e7a.<\/strong><\/p>\n<div id=\"chunk-6ujiq\">\n<div class=\"mc-column content-text active-extra-styles \" data-block-type=\"unstyled\" data-block-weight=\"27\" data-block-id=\"7\">\n<p class=\"content-text__container \" data-track-category=\"Link no Texto\" data-track-links=\"\"><strong>Em 2022, o empres\u00e1rio foi\u00a0preso por novo mandando de pris\u00e3o, cumprido em um condom\u00ednio na cidade de Aracaju, onde ele morava h\u00e1 cerca de dois meses.<\/strong><\/p>\n<\/div>\n<\/div>\n<div id=\"chunk-q6ht\">\n<div class=\"mc-column content-text active-extra-styles \" data-block-type=\"unstyled\" data-block-weight=\"34\" data-block-id=\"8\">\n<p class=\"content-text__container \" data-track-category=\"Link no Texto\" data-track-links=\"\"><strong>O pedido de pris\u00e3o definitiva em regime fechado foi feito pela Vara Criminal de Ibicara\u00ed, respons\u00e1vel por esse caso. Marcos foi indiciado pelos crimes de tortura, c\u00e1rcere privado, homic\u00eddio qualificado e oculta\u00e7\u00e3o de cad\u00e1ver.<\/strong><\/p>\n<\/div>\n<\/div>\n<div id=\"chunk-1ph8f\">\n<div class=\"mc-column content-text active-extra-styles \" data-block-type=\"unstyled\" data-block-weight=\"45\" data-block-id=\"9\">\n<p class=\"content-text__container \" data-track-category=\"Link no Texto\" data-track-links=\"\"><strong>O acusado ficou no pres\u00eddio de Aracaju entre os meses de outubro e abril deste ano. Segundo a assessoria do Conjunto Penal de Itabuna, ele deveria ter chegado no local na quarta-feira (12), mas houve um acidente durante a transfer\u00eancia, que n\u00e3o foi especificado. \/\/G1<\/strong><\/p>\n<\/div>\n<\/div>\n<\/div>\n<\/div>\n<\/div>\n","protected":false},"excerpt":{"rendered":"<p>O filho do prefeito do\u00a0ex-prefeito\u00a0de\u00a0Itabuna, Markson Gomes, conhecido como Marcos Gomes, foi transferido para o Conjunto Penal da cidade nesta quinta-feira (13). O empres\u00e1rio foi preso em 2022, na cidade de Aracaju, por um crime cometido em 2006. Marcos foi acusado de\u00a0torturar e matar o vaqueiro\u00a0Alexandro Honorato na cidade de Floresta Azul, tamb\u00e9m no sul [&hellip;]<\/p>\n","protected":false},"author":2,"featured_media":109166,"comment_status":"closed","ping_status":"open","sticky":false,"template":"","format":"standard","meta":{"footnotes":"","_links_to":"","_links_to_target":""},"categories":[1],"tags":[],"class_list":["post-109163","post","type-post","status-publish","format-standard","has-post-thumbnail","hentry","category-geral"],"views":901,"_links":{"self":[{"href":"https:\/\/www.sudoestehoje.com.br\/novoportal\/wp-json\/wp\/v2\/posts\/109163","targetHints":{"allow":["GET"]}}],"collection":[{"href":"https:\/\/www.sudoestehoje.com.br\/novoportal\/wp-json\/wp\/v2\/posts"}],"about":[{"href":"https:\/\/www.sudoestehoje.com.br\/novoportal\/wp-json\/wp\/v2\/types\/post"}],"author":[{"embeddable":true,"href":"https:\/\/www.sudoestehoje.com.br\/novoportal\/wp-json\/wp\/v2\/users\/2"}],"replies":[{"embeddable":true,"href":"https:\/\/www.sudoestehoje.com.br\/novoportal\/wp-json\/wp\/v2\/comments?post=109163"}],"version-history":[{"count":4,"href":"https:\/\/www.sudoestehoje.com.br\/novoportal\/wp-json\/wp\/v2\/posts\/109163\/revisions"}],"predecessor-version":[{"id":109168,"href":"https:\/\/www.sudoestehoje.com.br\/novoportal\/wp-json\/wp\/v2\/posts\/109163\/revisions\/109168"}],"wp:featuredmedia":[{"embeddable":true,"href":"https:\/\/www.sudoestehoje.com.br\/novoportal\/wp-json\/wp\/v2\/media\/109166"}],"wp:attachment":[{"href":"https:\/\/www.sudoestehoje.com.br\/novoportal\/wp-json\/wp\/v2\/media?parent=109163"}],"wp:term":[{"taxonomy":"category","embeddable":true,"href":"https:\/\/www.sudoestehoje.com.br\/novoportal\/wp-json\/wp\/v2\/categories?post=109163"},{"taxonomy":"post_tag","embeddable":true,"href":"https:\/\/www.sudoestehoje.com.br\/novoportal\/wp-json\/wp\/v2\/tags?post=109163"}],"curies":[{"name":"wp","href":"https:\/\/api.w.org\/{rel}","templated":true}]}}