
{"id":109152,"date":"2023-04-13T18:27:05","date_gmt":"2023-04-13T21:27:05","guid":{"rendered":"https:\/\/www.sudoestehoje.com.br\/novoportal\/?p=109152"},"modified":"2023-04-13T18:27:05","modified_gmt":"2023-04-13T21:27:05","slug":"com-pedacos-de-pau-alunos-enfrentam-colega-armado-com-machadinha-em-escola-da-bahia-veja-video","status":"publish","type":"post","link":"https:\/\/www.sudoestehoje.com.br\/novoportal\/2023\/04\/13\/com-pedacos-de-pau-alunos-enfrentam-colega-armado-com-machadinha-em-escola-da-bahia-veja-video\/","title":{"rendered":"COM PEDA\u00c7OS DE PAU, ALUNOS ENFRENTAM COLEGA ARMADO COM MACHADINHA EM ESCOLA DA BAHIA; VEJA V\u00cdDEO"},"content":{"rendered":"<p><a href=\"https:\/\/www.sudoestehoje.com.br\/novoportal\/wp-content\/uploads\/2023\/04\/WhatsApp-Image-2023-04-13-at-18.14.02.jpeg\"><img loading=\"lazy\" decoding=\"async\" class=\"aligncenter size-medium wp-image-109159\" src=\"https:\/\/www.sudoestehoje.com.br\/novoportal\/wp-content\/uploads\/2023\/04\/WhatsApp-Image-2023-04-13-at-18.14.02-600x323.jpeg\" alt=\"\" width=\"600\" height=\"323\" srcset=\"https:\/\/www.sudoestehoje.com.br\/novoportal\/wp-content\/uploads\/2023\/04\/WhatsApp-Image-2023-04-13-at-18.14.02-600x323.jpeg 600w, https:\/\/www.sudoestehoje.com.br\/novoportal\/wp-content\/uploads\/2023\/04\/WhatsApp-Image-2023-04-13-at-18.14.02-700x377.jpeg 700w, https:\/\/www.sudoestehoje.com.br\/novoportal\/wp-content\/uploads\/2023\/04\/WhatsApp-Image-2023-04-13-at-18.14.02-768x414.jpeg 768w, https:\/\/www.sudoestehoje.com.br\/novoportal\/wp-content\/uploads\/2023\/04\/WhatsApp-Image-2023-04-13-at-18.14.02.jpeg 1080w\" sizes=\"auto, (max-width: 600px) 100vw, 600px\" \/><\/a><\/p>\n<p><em><strong>Um estudante foi apreendido com uma machadinha, um fac\u00e3o e uma corrente na mochila, na manh\u00e3 desta quinta-feira (12), em uma escola do bairro de Cidade Nova, em\u00a0<a class=\"\" href=\"https:\/\/g1.globo.com\/ba\/bahia\/cidade\/salvador\/\">Salvador<\/a>. Segundo a Secretaria de Seguran\u00e7a P\u00fablica (SSP-BA), n\u00e3o houve ataque e n\u00e3o houve feridos.<\/strong><\/em><\/p>\n<div id=\"chunk-eiaa0\">\n<div class=\"mc-column content-text active-extra-styles \" data-block-type=\"unstyled\" data-block-weight=\"35\" data-block-id=\"5\">\n<p class=\"content-text__container \" data-track-category=\"Link no Texto\" data-track-links=\"\"><em><strong>De acordo com a SSP-BA, o suspeito foi apreendido por uma equipe da Opera\u00e7\u00e3o Ronda Escolar da Pol\u00edcia Militar. Os alunos perceberam a situa\u00e7\u00e3o e acionaram a gestora informando que o jovem estava armado. Alguns alunos enfrentaram o suspeito com peda\u00e7os de pau. at\u00e9 a chegada da pol\u00edcia.<\/strong><\/em><\/p>\n<\/div>\n<\/div>\n<div id=\"chunk-dp4q8\">\n<div class=\"mc-column content-text active-extra-styles \" data-block-type=\"unstyled\" data-block-weight=\"35\" data-block-id=\"6\">\n<p class=\"content-text__container \" data-track-category=\"Link no Texto\" data-track-links=\"\"><em><strong>Os professores mantiveram o estudante isolado em uma sala at\u00e9 a chegada da pol\u00edcia. Ele foi levado para a Delegacia para o Adolescente Infrator (DAI), acompanhado da respons\u00e1vel e de um gestor da escola. Confira v\u00eddeo:<\/strong><\/em><\/p>\n<div style=\"width: 640px;\" class=\"wp-video\"><!--[if lt IE 9]><script>document.createElement('video');<\/script><![endif]-->\n<video class=\"wp-video-shortcode\" id=\"video-109152-1\" width=\"640\" height=\"352\" preload=\"metadata\" controls=\"controls\"><source type=\"video\/mp4\" src=\"https:\/\/www.sudoestehoje.com.br\/novoportal\/wp-content\/uploads\/2023\/04\/WhatsApp-Video-2023-04-13-at-18.22.44.mp4?_=1\" \/><a href=\"https:\/\/www.sudoestehoje.com.br\/novoportal\/wp-content\/uploads\/2023\/04\/WhatsApp-Video-2023-04-13-at-18.22.44.mp4\">https:\/\/www.sudoestehoje.com.br\/novoportal\/wp-content\/uploads\/2023\/04\/WhatsApp-Video-2023-04-13-at-18.22.44.mp4<\/a><\/video><\/div>\n<div id=\"chunk-5rahu\">\n<div class=\"mc-column content-text active-extra-styles \" data-block-type=\"unstyled\" data-block-weight=\"28\" data-block-id=\"9\">\n<p class=\"content-text__container \" data-track-category=\"Link no Texto\" data-track-links=\"\">\n<\/div>\n<\/div>\n<\/div>\n<\/div>\n","protected":false},"excerpt":{"rendered":"<p>Um estudante foi apreendido com uma machadinha, um fac\u00e3o e uma corrente na mochila, na manh\u00e3 desta quinta-feira (12), em uma escola do bairro de Cidade Nova, em\u00a0Salvador. Segundo a Secretaria de Seguran\u00e7a P\u00fablica (SSP-BA), n\u00e3o houve ataque e n\u00e3o houve feridos. De acordo com a SSP-BA, o suspeito foi apreendido por uma equipe da [&hellip;]<\/p>\n","protected":false},"author":2,"featured_media":109159,"comment_status":"closed","ping_status":"open","sticky":false,"template":"","format":"standard","meta":{"footnotes":"","_links_to":"","_links_to_target":""},"categories":[1],"tags":[],"class_list":["post-109152","post","type-post","status-publish","format-standard","has-post-thumbnail","hentry","category-geral"],"views":4648,"_links":{"self":[{"href":"https:\/\/www.sudoestehoje.com.br\/novoportal\/wp-json\/wp\/v2\/posts\/109152","targetHints":{"allow":["GET"]}}],"collection":[{"href":"https:\/\/www.sudoestehoje.com.br\/novoportal\/wp-json\/wp\/v2\/posts"}],"about":[{"href":"https:\/\/www.sudoestehoje.com.br\/novoportal\/wp-json\/wp\/v2\/types\/post"}],"author":[{"embeddable":true,"href":"https:\/\/www.sudoestehoje.com.br\/novoportal\/wp-json\/wp\/v2\/users\/2"}],"replies":[{"embeddable":true,"href":"https:\/\/www.sudoestehoje.com.br\/novoportal\/wp-json\/wp\/v2\/comments?post=109152"}],"version-history":[{"count":6,"href":"https:\/\/www.sudoestehoje.com.br\/novoportal\/wp-json\/wp\/v2\/posts\/109152\/revisions"}],"predecessor-version":[{"id":109161,"href":"https:\/\/www.sudoestehoje.com.br\/novoportal\/wp-json\/wp\/v2\/posts\/109152\/revisions\/109161"}],"wp:featuredmedia":[{"embeddable":true,"href":"https:\/\/www.sudoestehoje.com.br\/novoportal\/wp-json\/wp\/v2\/media\/109159"}],"wp:attachment":[{"href":"https:\/\/www.sudoestehoje.com.br\/novoportal\/wp-json\/wp\/v2\/media?parent=109152"}],"wp:term":[{"taxonomy":"category","embeddable":true,"href":"https:\/\/www.sudoestehoje.com.br\/novoportal\/wp-json\/wp\/v2\/categories?post=109152"},{"taxonomy":"post_tag","embeddable":true,"href":"https:\/\/www.sudoestehoje.com.br\/novoportal\/wp-json\/wp\/v2\/tags?post=109152"}],"curies":[{"name":"wp","href":"https:\/\/api.w.org\/{rel}","templated":true}]}}