
{"id":109143,"date":"2023-04-13T15:07:09","date_gmt":"2023-04-13T18:07:09","guid":{"rendered":"https:\/\/www.sudoestehoje.com.br\/novoportal\/?p=109143"},"modified":"2023-04-13T15:07:09","modified_gmt":"2023-04-13T18:07:09","slug":"itapetinga-vai-em-busca-do-tricampeonato-intermunicipal-em-2023","status":"publish","type":"post","link":"https:\/\/www.sudoestehoje.com.br\/novoportal\/2023\/04\/13\/itapetinga-vai-em-busca-do-tricampeonato-intermunicipal-em-2023\/","title":{"rendered":"ITAPETINGA VAI EM BUSCA DO TRICAMPEONATO INTERMUNICIPAL EM 2023"},"content":{"rendered":"<p><a href=\"https:\/\/www.sudoestehoje.com.br\/novoportal\/wp-content\/uploads\/2023\/04\/WhatsApp-Image-2023-04-13-at-14.58.27.jpeg\"><img loading=\"lazy\" decoding=\"async\" class=\"aligncenter  wp-image-109144\" src=\"https:\/\/www.sudoestehoje.com.br\/novoportal\/wp-content\/uploads\/2023\/04\/WhatsApp-Image-2023-04-13-at-14.58.27-600x449.jpeg\" alt=\"\" width=\"551\" height=\"412\" srcset=\"https:\/\/www.sudoestehoje.com.br\/novoportal\/wp-content\/uploads\/2023\/04\/WhatsApp-Image-2023-04-13-at-14.58.27-600x449.jpeg 600w, https:\/\/www.sudoestehoje.com.br\/novoportal\/wp-content\/uploads\/2023\/04\/WhatsApp-Image-2023-04-13-at-14.58.27-700x524.jpeg 700w, https:\/\/www.sudoestehoje.com.br\/novoportal\/wp-content\/uploads\/2023\/04\/WhatsApp-Image-2023-04-13-at-14.58.27-768x575.jpeg 768w, https:\/\/www.sudoestehoje.com.br\/novoportal\/wp-content\/uploads\/2023\/04\/WhatsApp-Image-2023-04-13-at-14.58.27-1536x1149.jpeg 1536w, https:\/\/www.sudoestehoje.com.br\/novoportal\/wp-content\/uploads\/2023\/04\/WhatsApp-Image-2023-04-13-at-14.58.27.jpeg 1600w\" sizes=\"auto, (max-width: 551px) 100vw, 551px\" \/><\/a><\/p>\n<p><strong>A busca pelo tricampeonato da maior competi\u00e7\u00e3o de futebol n\u00e3o profissional do Brasil est\u00e1 garantida para Itapetinga. A sele\u00e7\u00e3o da cidade foi inscrita no Intermunicipal Ednaldo Rodrigues Gomes 2023<\/strong><\/p>\n<p><strong>A inscri\u00e7\u00e3o foi realizada na tarde desta quinta-feira (13), na sede da Federa\u00e7\u00e3o Bahiana de Futebol, pelo Presidente da liga, Cl\u00f3vis Silva. O desportista foi recebido pela Diretora de Competi\u00e7\u00f5es da entidade, Ta\u00edse Galv\u00e3o.<\/strong><\/p>\n<p><strong>No encontro, Cl\u00f3vis tamb\u00e9m apresentou um projeto para realiza\u00e7\u00e3o de uma competi\u00e7\u00e3o regional Sub-23 no Centro-Sul Baiano. Segundo ele, contatos j\u00e1 foram iniciados com outras ligas da regi\u00e3o para que o projeto seja colocado em pr\u00e1tica, e com o apoio da FBF.<\/strong><\/p>\n<p><strong>Intermunicipal &#8211; Itapetinga \u00e9 bicampe\u00e3 do Intermunicipal, com t\u00edtulos conquistados em 1995 e 1996. A sele\u00e7\u00e3o chegou perto de conquistar o tri em 2018 e 2019, mas em ambas as edi\u00e7\u00f5es perdeu o t\u00edtulo para Itamaraju.<\/strong><\/p>\n<p><strong>J\u00e1 em 2022, Itapetinga chegou at\u00e9 a semifinal. Na disputa pela vaga em mais uma decis\u00e3o, foi superada pela vice-campe\u00e3 Itaju\u00edpe.<\/strong><\/p>\n","protected":false},"excerpt":{"rendered":"<p>A busca pelo tricampeonato da maior competi\u00e7\u00e3o de futebol n\u00e3o profissional do Brasil est\u00e1 garantida para Itapetinga. A sele\u00e7\u00e3o da cidade foi inscrita no Intermunicipal Ednaldo Rodrigues Gomes 2023 A inscri\u00e7\u00e3o foi realizada na tarde desta quinta-feira (13), na sede da Federa\u00e7\u00e3o Bahiana de Futebol, pelo Presidente da liga, Cl\u00f3vis Silva. O desportista foi recebido [&hellip;]<\/p>\n","protected":false},"author":2,"featured_media":109144,"comment_status":"closed","ping_status":"open","sticky":false,"template":"","format":"standard","meta":{"footnotes":"","_links_to":"","_links_to_target":""},"categories":[1],"tags":[],"class_list":["post-109143","post","type-post","status-publish","format-standard","has-post-thumbnail","hentry","category-geral"],"views":1902,"_links":{"self":[{"href":"https:\/\/www.sudoestehoje.com.br\/novoportal\/wp-json\/wp\/v2\/posts\/109143","targetHints":{"allow":["GET"]}}],"collection":[{"href":"https:\/\/www.sudoestehoje.com.br\/novoportal\/wp-json\/wp\/v2\/posts"}],"about":[{"href":"https:\/\/www.sudoestehoje.com.br\/novoportal\/wp-json\/wp\/v2\/types\/post"}],"author":[{"embeddable":true,"href":"https:\/\/www.sudoestehoje.com.br\/novoportal\/wp-json\/wp\/v2\/users\/2"}],"replies":[{"embeddable":true,"href":"https:\/\/www.sudoestehoje.com.br\/novoportal\/wp-json\/wp\/v2\/comments?post=109143"}],"version-history":[{"count":2,"href":"https:\/\/www.sudoestehoje.com.br\/novoportal\/wp-json\/wp\/v2\/posts\/109143\/revisions"}],"predecessor-version":[{"id":109146,"href":"https:\/\/www.sudoestehoje.com.br\/novoportal\/wp-json\/wp\/v2\/posts\/109143\/revisions\/109146"}],"wp:featuredmedia":[{"embeddable":true,"href":"https:\/\/www.sudoestehoje.com.br\/novoportal\/wp-json\/wp\/v2\/media\/109144"}],"wp:attachment":[{"href":"https:\/\/www.sudoestehoje.com.br\/novoportal\/wp-json\/wp\/v2\/media?parent=109143"}],"wp:term":[{"taxonomy":"category","embeddable":true,"href":"https:\/\/www.sudoestehoje.com.br\/novoportal\/wp-json\/wp\/v2\/categories?post=109143"},{"taxonomy":"post_tag","embeddable":true,"href":"https:\/\/www.sudoestehoje.com.br\/novoportal\/wp-json\/wp\/v2\/tags?post=109143"}],"curies":[{"name":"wp","href":"https:\/\/api.w.org\/{rel}","templated":true}]}}