
{"id":109116,"date":"2023-04-11T21:11:53","date_gmt":"2023-04-12T00:11:53","guid":{"rendered":"https:\/\/www.sudoestehoje.com.br\/novoportal\/?p=109116"},"modified":"2023-04-11T21:11:53","modified_gmt":"2023-04-12T00:11:53","slug":"prazo-para-entrega-da-declaracao-do-imposto-de-renda-encerra-em-31-de-maio","status":"publish","type":"post","link":"https:\/\/www.sudoestehoje.com.br\/novoportal\/2023\/04\/11\/prazo-para-entrega-da-declaracao-do-imposto-de-renda-encerra-em-31-de-maio\/","title":{"rendered":"PRAZO PARA ENTREGA DA DECLARA\u00c7\u00c3O DO IMPOSTO DE RENDA ENCERRA EM 31 DE MAIO"},"content":{"rendered":"<p data-t=\"{&quot;n&quot;:&quot;blueLinks&quot;}\"><a href=\"https:\/\/www.sudoestehoje.com.br\/novoportal\/wp-content\/uploads\/2023\/04\/Imposto-de-Renda-2023.jpg\"><img loading=\"lazy\" decoding=\"async\" class=\"aligncenter  wp-image-109119\" src=\"https:\/\/www.sudoestehoje.com.br\/novoportal\/wp-content\/uploads\/2023\/04\/Imposto-de-Renda-2023-600x400.jpg\" alt=\"\" width=\"551\" height=\"367\" srcset=\"https:\/\/www.sudoestehoje.com.br\/novoportal\/wp-content\/uploads\/2023\/04\/Imposto-de-Renda-2023-600x400.jpg 600w, https:\/\/www.sudoestehoje.com.br\/novoportal\/wp-content\/uploads\/2023\/04\/Imposto-de-Renda-2023-700x467.jpg 700w, https:\/\/www.sudoestehoje.com.br\/novoportal\/wp-content\/uploads\/2023\/04\/Imposto-de-Renda-2023-768x512.jpg 768w, https:\/\/www.sudoestehoje.com.br\/novoportal\/wp-content\/uploads\/2023\/04\/Imposto-de-Renda-2023.jpg 900w\" sizes=\"auto, (max-width: 551px) 100vw, 551px\" \/><\/a><\/p>\n<p data-t=\"{&quot;n&quot;:&quot;blueLinks&quot;}\"><strong>Iniciado o per\u00edodo de acerto de contas com o fisco, a pergunta que n\u00e3o quer calar \u00e9: at\u00e9 quando declarar o\u00a0Imposto de Renda 2023? Desde o dia 15 de mar\u00e7o, a\u00a0Receita Federal j\u00e1 aceita a entrega das declara\u00e7\u00f5es.<\/strong><\/p>\n<p data-t=\"{&quot;n&quot;:&quot;blueLinks&quot;}\"><strong>O contribuinte poder\u00e1 enviar a declara\u00e7\u00e3o at\u00e9 o dia 31 de maio. <\/strong><\/p>\n<p data-t=\"{&quot;n&quot;:&quot;blueLinks&quot;}\"><strong>No total, os brasileiros que precisam declarar Imposto de Renda ter\u00e3o este ano 78 dias para enviar a declara\u00e7\u00e3o, uma semana a menos do que tiveram no ano passado.<\/strong><\/p>\n","protected":false},"excerpt":{"rendered":"<p>Iniciado o per\u00edodo de acerto de contas com o fisco, a pergunta que n\u00e3o quer calar \u00e9: at\u00e9 quando declarar o\u00a0Imposto de Renda 2023? Desde o dia 15 de mar\u00e7o, a\u00a0Receita Federal j\u00e1 aceita a entrega das declara\u00e7\u00f5es. O contribuinte poder\u00e1 enviar a declara\u00e7\u00e3o at\u00e9 o dia 31 de maio. No total, os brasileiros que [&hellip;]<\/p>\n","protected":false},"author":2,"featured_media":109119,"comment_status":"closed","ping_status":"open","sticky":false,"template":"","format":"standard","meta":{"footnotes":"","_links_to":"","_links_to_target":""},"categories":[1],"tags":[],"class_list":["post-109116","post","type-post","status-publish","format-standard","has-post-thumbnail","hentry","category-geral"],"views":753,"_links":{"self":[{"href":"https:\/\/www.sudoestehoje.com.br\/novoportal\/wp-json\/wp\/v2\/posts\/109116","targetHints":{"allow":["GET"]}}],"collection":[{"href":"https:\/\/www.sudoestehoje.com.br\/novoportal\/wp-json\/wp\/v2\/posts"}],"about":[{"href":"https:\/\/www.sudoestehoje.com.br\/novoportal\/wp-json\/wp\/v2\/types\/post"}],"author":[{"embeddable":true,"href":"https:\/\/www.sudoestehoje.com.br\/novoportal\/wp-json\/wp\/v2\/users\/2"}],"replies":[{"embeddable":true,"href":"https:\/\/www.sudoestehoje.com.br\/novoportal\/wp-json\/wp\/v2\/comments?post=109116"}],"version-history":[{"count":4,"href":"https:\/\/www.sudoestehoje.com.br\/novoportal\/wp-json\/wp\/v2\/posts\/109116\/revisions"}],"predecessor-version":[{"id":109121,"href":"https:\/\/www.sudoestehoje.com.br\/novoportal\/wp-json\/wp\/v2\/posts\/109116\/revisions\/109121"}],"wp:featuredmedia":[{"embeddable":true,"href":"https:\/\/www.sudoestehoje.com.br\/novoportal\/wp-json\/wp\/v2\/media\/109119"}],"wp:attachment":[{"href":"https:\/\/www.sudoestehoje.com.br\/novoportal\/wp-json\/wp\/v2\/media?parent=109116"}],"wp:term":[{"taxonomy":"category","embeddable":true,"href":"https:\/\/www.sudoestehoje.com.br\/novoportal\/wp-json\/wp\/v2\/categories?post=109116"},{"taxonomy":"post_tag","embeddable":true,"href":"https:\/\/www.sudoestehoje.com.br\/novoportal\/wp-json\/wp\/v2\/tags?post=109116"}],"curies":[{"name":"wp","href":"https:\/\/api.w.org\/{rel}","templated":true}]}}