
{"id":109109,"date":"2023-04-11T18:22:05","date_gmt":"2023-04-11T21:22:05","guid":{"rendered":"https:\/\/www.sudoestehoje.com.br\/novoportal\/?p=109109"},"modified":"2023-04-11T18:27:06","modified_gmt":"2023-04-11T21:27:06","slug":"maiquinique-adolescente-de-15-anos-e-apreendido-por-divulgar-ameacas-a-escolas","status":"publish","type":"post","link":"https:\/\/www.sudoestehoje.com.br\/novoportal\/2023\/04\/11\/maiquinique-adolescente-de-15-anos-e-apreendido-por-divulgar-ameacas-a-escolas\/","title":{"rendered":"MAIQUINIQUE | ADOLESCENTE DE 15 ANOS \u00c9 APREENDIDO POR DIVULGAR AMEA\u00c7AS A ESCOLAS"},"content":{"rendered":"<p><a href=\"https:\/\/www.sudoestehoje.com.br\/novoportal\/wp-content\/uploads\/2023\/04\/MAIQUINIQUE.webp\"><img loading=\"lazy\" decoding=\"async\" class=\"aligncenter wp-image-109110\" src=\"https:\/\/www.sudoestehoje.com.br\/novoportal\/wp-content\/uploads\/2023\/04\/MAIQUINIQUE-600x400.webp\" alt=\"\" width=\"551\" height=\"367\" srcset=\"https:\/\/www.sudoestehoje.com.br\/novoportal\/wp-content\/uploads\/2023\/04\/MAIQUINIQUE-600x400.webp 600w, https:\/\/www.sudoestehoje.com.br\/novoportal\/wp-content\/uploads\/2023\/04\/MAIQUINIQUE-700x467.webp 700w, https:\/\/www.sudoestehoje.com.br\/novoportal\/wp-content\/uploads\/2023\/04\/MAIQUINIQUE-768x512.webp 768w, https:\/\/www.sudoestehoje.com.br\/novoportal\/wp-content\/uploads\/2023\/04\/MAIQUINIQUE-1536x1024.webp 1536w, https:\/\/www.sudoestehoje.com.br\/novoportal\/wp-content\/uploads\/2023\/04\/MAIQUINIQUE.webp 2048w\" sizes=\"auto, (max-width: 551px) 100vw, 551px\" \/><\/a><\/p>\n<p><strong>A Pol\u00edcia Civil informou que realizou a apreens\u00e3o de mais tr\u00eas adolescentes que divulgaram amea\u00e7as contra escolas baianas nesta semana. De acordo com nota enviada nesta ter\u00e7a-feira (11), as condu\u00e7\u00f5es dos menores de idade ocorreram em Ia\u00e7u, Maiquinique e Paratinga. Pela manh\u00e3, a\u00a0PC informou que j\u00e1 tinha realizado a apreens\u00e3o de outros quatro adolescentes ao redor da Bahia.<\/strong><\/p>\n<p><strong>Em Maiquinique, um adolescente de 15 anos foi encaminhado \u00e0 unidade policial, ap\u00f3s publicar mensagens em uma rede social. A conta foi interceptada inicialmente pelo Minist\u00e9rio da Justi\u00e7a <\/strong><strong>e encaminhada para a Coordena\u00e7\u00e3o de Intelig\u00eancia Cibern\u00e9tica (Cyberlab).\u00a0<\/strong><\/p>\n<p><strong>Depois da apura\u00e7\u00e3o da DT\/Maiquinique foi solicitada a busca no im\u00f3vel e apreendido um celular e uma m\u00e1scara.<\/strong><\/p>\n<p><strong>Equipes do Departamento de Pol\u00edcia do Interior (Depin) tem contado com o apoio da Cyberlab e do Departamento de Intelig\u00eancia Policial (DIP) para prevenir e reprimir ataques \u00e0s institui\u00e7\u00f5es de ensino, integrando a Opera\u00e7\u00e3o Escola Segura, deflagrada pelo Minist\u00e9rio da Justi\u00e7a e Seguran\u00e7a P\u00fablica (MJSP), por meio da Secretaria Nacional de Seguran\u00e7a P\u00fablica (Senasp).\u00a0<\/strong><\/p>\n","protected":false},"excerpt":{"rendered":"<p>A Pol\u00edcia Civil informou que realizou a apreens\u00e3o de mais tr\u00eas adolescentes que divulgaram amea\u00e7as contra escolas baianas nesta semana. De acordo com nota enviada nesta ter\u00e7a-feira (11), as condu\u00e7\u00f5es dos menores de idade ocorreram em Ia\u00e7u, Maiquinique e Paratinga. Pela manh\u00e3, a\u00a0PC informou que j\u00e1 tinha realizado a apreens\u00e3o de outros quatro adolescentes ao [&hellip;]<\/p>\n","protected":false},"author":2,"featured_media":109110,"comment_status":"closed","ping_status":"open","sticky":false,"template":"","format":"standard","meta":{"footnotes":"","_links_to":"","_links_to_target":""},"categories":[1],"tags":[],"class_list":["post-109109","post","type-post","status-publish","format-standard","has-post-thumbnail","hentry","category-geral"],"views":2054,"_links":{"self":[{"href":"https:\/\/www.sudoestehoje.com.br\/novoportal\/wp-json\/wp\/v2\/posts\/109109","targetHints":{"allow":["GET"]}}],"collection":[{"href":"https:\/\/www.sudoestehoje.com.br\/novoportal\/wp-json\/wp\/v2\/posts"}],"about":[{"href":"https:\/\/www.sudoestehoje.com.br\/novoportal\/wp-json\/wp\/v2\/types\/post"}],"author":[{"embeddable":true,"href":"https:\/\/www.sudoestehoje.com.br\/novoportal\/wp-json\/wp\/v2\/users\/2"}],"replies":[{"embeddable":true,"href":"https:\/\/www.sudoestehoje.com.br\/novoportal\/wp-json\/wp\/v2\/comments?post=109109"}],"version-history":[{"count":3,"href":"https:\/\/www.sudoestehoje.com.br\/novoportal\/wp-json\/wp\/v2\/posts\/109109\/revisions"}],"predecessor-version":[{"id":109113,"href":"https:\/\/www.sudoestehoje.com.br\/novoportal\/wp-json\/wp\/v2\/posts\/109109\/revisions\/109113"}],"wp:featuredmedia":[{"embeddable":true,"href":"https:\/\/www.sudoestehoje.com.br\/novoportal\/wp-json\/wp\/v2\/media\/109110"}],"wp:attachment":[{"href":"https:\/\/www.sudoestehoje.com.br\/novoportal\/wp-json\/wp\/v2\/media?parent=109109"}],"wp:term":[{"taxonomy":"category","embeddable":true,"href":"https:\/\/www.sudoestehoje.com.br\/novoportal\/wp-json\/wp\/v2\/categories?post=109109"},{"taxonomy":"post_tag","embeddable":true,"href":"https:\/\/www.sudoestehoje.com.br\/novoportal\/wp-json\/wp\/v2\/tags?post=109109"}],"curies":[{"name":"wp","href":"https:\/\/api.w.org\/{rel}","templated":true}]}}