
{"id":109091,"date":"2023-04-11T07:36:52","date_gmt":"2023-04-11T10:36:52","guid":{"rendered":"https:\/\/www.sudoestehoje.com.br\/novoportal\/?p=109091"},"modified":"2023-04-11T07:37:48","modified_gmt":"2023-04-11T10:37:48","slug":"delegado-de-policia-e-condenado-a-29-anos-de-prisao-por-integrar-faccao-criminosa-na-bahia","status":"publish","type":"post","link":"https:\/\/www.sudoestehoje.com.br\/novoportal\/2023\/04\/11\/delegado-de-policia-e-condenado-a-29-anos-de-prisao-por-integrar-faccao-criminosa-na-bahia\/","title":{"rendered":"DELEGADO DE POL\u00cdCIA \u00c9 CONDENADO A 29 ANOS DE PRIS\u00c3O POR INTEGRAR FAC\u00c7\u00c3O CRIMINOSA NA BAHIA"},"content":{"rendered":"<div id=\"chunk-6a1fu\">\n<div class=\"mc-column content-text active-extra-styles \" data-block-type=\"unstyled\" data-block-weight=\"45\" data-block-id=\"3\">\n<p data-track-category=\"Link no Texto\" data-track-links=\"\"><a href=\"https:\/\/www.sudoestehoje.com.br\/novoportal\/wp-content\/uploads\/2023\/04\/1.webp\"><img loading=\"lazy\" decoding=\"async\" class=\"aligncenter size-medium wp-image-109092\" src=\"https:\/\/www.sudoestehoje.com.br\/novoportal\/wp-content\/uploads\/2023\/04\/1-600x338.webp\" alt=\"\" width=\"600\" height=\"338\" srcset=\"https:\/\/www.sudoestehoje.com.br\/novoportal\/wp-content\/uploads\/2023\/04\/1-600x338.webp 600w, https:\/\/www.sudoestehoje.com.br\/novoportal\/wp-content\/uploads\/2023\/04\/1-700x394.webp 700w, https:\/\/www.sudoestehoje.com.br\/novoportal\/wp-content\/uploads\/2023\/04\/1-768x432.webp 768w, https:\/\/www.sudoestehoje.com.br\/novoportal\/wp-content\/uploads\/2023\/04\/1.webp 984w\" sizes=\"auto, (max-width: 600px) 100vw, 600px\" \/><\/a><\/p>\n<p class=\"content-text__container \" data-track-category=\"Link no Texto\" data-track-links=\"\"><strong>Um delegado da Pol\u00edcia Civil acusado de integrar uma organiza\u00e7\u00e3o criminosa na Bahia em 2021 foi condenado pela Justi\u00e7a a 29 anos de pris\u00e3o. A informa\u00e7\u00e3o foi divulgada nesta segunda-feira (10), pela Pol\u00edcia Civil, mas n\u00e3o h\u00e1 detalhes sobre a data do julgamento.<\/strong><\/p>\n<\/div>\n<\/div>\n<div class=\"wall protected-content\">\n<div id=\"chunk-60hni\">\n<div class=\"mc-column content-text active-extra-styles \" data-block-type=\"unstyled\" data-block-weight=\"29\" data-block-id=\"4\">\n<p class=\"content-text__container \" data-track-category=\"Link no Texto\" data-track-links=\"\"><strong>O crime foi descoberto na cidade de Seabra, durante a<a class=\"\" href=\"https:\/\/g1.globo.com\/ba\/bahia\/noticia\/2021\/06\/30\/grupo-e-preso-em-nova-fase-da-operacao-casmurro-contra-trafico-de-drogas-em-salvador-e-seabra-na-bahia.ghtml\">\u00a0<span style=\"color: #0000ff;\">Opera\u00e7\u00e3o Casmurro<\/span><\/a>, deflagrada pela Corregedoria-Geral da Secretaria da Seguran\u00e7a P\u00fablica (SSP) e pelo Minist\u00e9rio P\u00fablico da Bahia (MP-BA).<\/strong><\/p>\n<\/div>\n<\/div>\n<div id=\"chunk-faqai\">\n<div class=\"mc-column content-text active-extra-styles \" data-block-type=\"unstyled\" data-block-weight=\"23\" data-block-id=\"5\">\n<p class=\"content-text__container \" data-track-category=\"Link no Texto\" data-track-links=\"\"><strong>Durante a opera\u00e7\u00e3o, foi descoberto que o acusado estava envolvido em um esquema de propina relacionada ao plantio e tr\u00e1fico de maconha.<\/strong><\/p>\n<\/div>\n<\/div>\n<div id=\"chunk-6djj\">\n<div class=\"mc-column content-text active-extra-styles \" data-block-type=\"unstyled\" data-block-weight=\"28\" data-block-id=\"6\">\n<p class=\"content-text__container \" data-track-category=\"Link no Texto\" data-track-links=\"\"><strong>Ap\u00f3s as investiga\u00e7\u00f5es, o homem, que n\u00e3o teve o nome revelado, foi acusado pelos crimes de tr\u00e1fico de drogas, obstru\u00e7\u00e3o da Justi\u00e7a, associa\u00e7\u00e3o ao tr\u00e1fico, concuss\u00e3o e peculato.<\/strong><\/p>\n<p><span style=\"color: #0000ff;\"><strong><a style=\"color: #0000ff;\" href=\"https:\/\/g1.globo.com\/ba\/bahia\/noticia\/2023\/04\/10\/delegado-acusado-de-integrar-organizacao-criminosa-na-ba-e-condenado-a-29-anos-de-prisao.ghtml\">CLIQUE E ENTENDA O CASO<\/a><\/strong><\/span><\/p>\n<\/div>\n<\/div>\n<\/div>\n","protected":false},"excerpt":{"rendered":"<p>Um delegado da Pol\u00edcia Civil acusado de integrar uma organiza\u00e7\u00e3o criminosa na Bahia em 2021 foi condenado pela Justi\u00e7a a 29 anos de pris\u00e3o. A informa\u00e7\u00e3o foi divulgada nesta segunda-feira (10), pela Pol\u00edcia Civil, mas n\u00e3o h\u00e1 detalhes sobre a data do julgamento. O crime foi descoberto na cidade de Seabra, durante a\u00a0Opera\u00e7\u00e3o Casmurro, deflagrada [&hellip;]<\/p>\n","protected":false},"author":2,"featured_media":109092,"comment_status":"closed","ping_status":"open","sticky":false,"template":"","format":"standard","meta":{"footnotes":"","_links_to":"","_links_to_target":""},"categories":[1],"tags":[],"class_list":["post-109091","post","type-post","status-publish","format-standard","has-post-thumbnail","hentry","category-geral"],"views":703,"_links":{"self":[{"href":"https:\/\/www.sudoestehoje.com.br\/novoportal\/wp-json\/wp\/v2\/posts\/109091","targetHints":{"allow":["GET"]}}],"collection":[{"href":"https:\/\/www.sudoestehoje.com.br\/novoportal\/wp-json\/wp\/v2\/posts"}],"about":[{"href":"https:\/\/www.sudoestehoje.com.br\/novoportal\/wp-json\/wp\/v2\/types\/post"}],"author":[{"embeddable":true,"href":"https:\/\/www.sudoestehoje.com.br\/novoportal\/wp-json\/wp\/v2\/users\/2"}],"replies":[{"embeddable":true,"href":"https:\/\/www.sudoestehoje.com.br\/novoportal\/wp-json\/wp\/v2\/comments?post=109091"}],"version-history":[{"count":3,"href":"https:\/\/www.sudoestehoje.com.br\/novoportal\/wp-json\/wp\/v2\/posts\/109091\/revisions"}],"predecessor-version":[{"id":109095,"href":"https:\/\/www.sudoestehoje.com.br\/novoportal\/wp-json\/wp\/v2\/posts\/109091\/revisions\/109095"}],"wp:featuredmedia":[{"embeddable":true,"href":"https:\/\/www.sudoestehoje.com.br\/novoportal\/wp-json\/wp\/v2\/media\/109092"}],"wp:attachment":[{"href":"https:\/\/www.sudoestehoje.com.br\/novoportal\/wp-json\/wp\/v2\/media?parent=109091"}],"wp:term":[{"taxonomy":"category","embeddable":true,"href":"https:\/\/www.sudoestehoje.com.br\/novoportal\/wp-json\/wp\/v2\/categories?post=109091"},{"taxonomy":"post_tag","embeddable":true,"href":"https:\/\/www.sudoestehoje.com.br\/novoportal\/wp-json\/wp\/v2\/tags?post=109091"}],"curies":[{"name":"wp","href":"https:\/\/api.w.org\/{rel}","templated":true}]}}