
{"id":109087,"date":"2023-04-11T07:30:40","date_gmt":"2023-04-11T10:30:40","guid":{"rendered":"https:\/\/www.sudoestehoje.com.br\/novoportal\/?p=109087"},"modified":"2023-04-11T07:30:40","modified_gmt":"2023-04-11T10:30:40","slug":"menina-de-6-anos-encontrada-morta-teria-sido-estuprada-afirma-familia","status":"publish","type":"post","link":"https:\/\/www.sudoestehoje.com.br\/novoportal\/2023\/04\/11\/menina-de-6-anos-encontrada-morta-teria-sido-estuprada-afirma-familia\/","title":{"rendered":"MENINA DE 6 ANOS ENCONTRADA MORTA TERIA SIDO ESTUPRADA, AFIRMA FAM\u00cdLIA"},"content":{"rendered":"<p><a href=\"https:\/\/www.sudoestehoje.com.br\/novoportal\/wp-content\/uploads\/2023\/04\/whatsapp-image-2023-04-06-at-20.51.32.webp\"><img loading=\"lazy\" decoding=\"async\" class=\"aligncenter size-medium wp-image-109088\" src=\"https:\/\/www.sudoestehoje.com.br\/novoportal\/wp-content\/uploads\/2023\/04\/whatsapp-image-2023-04-06-at-20.51.32-600x470.webp\" alt=\"\" width=\"600\" height=\"470\" srcset=\"https:\/\/www.sudoestehoje.com.br\/novoportal\/wp-content\/uploads\/2023\/04\/whatsapp-image-2023-04-06-at-20.51.32-600x470.webp 600w, https:\/\/www.sudoestehoje.com.br\/novoportal\/wp-content\/uploads\/2023\/04\/whatsapp-image-2023-04-06-at-20.51.32-700x548.webp 700w, https:\/\/www.sudoestehoje.com.br\/novoportal\/wp-content\/uploads\/2023\/04\/whatsapp-image-2023-04-06-at-20.51.32-768x602.webp 768w, https:\/\/www.sudoestehoje.com.br\/novoportal\/wp-content\/uploads\/2023\/04\/whatsapp-image-2023-04-06-at-20.51.32.webp 984w\" sizes=\"auto, (max-width: 600px) 100vw, 600px\" \/><\/a><\/p>\n<p><strong>A menina de 6 anos que foi\u00a0encontrada morta\u00a0ap\u00f3s\u00a0desaparece<a class=\"\" href=\"https:\/\/g1.globo.com\/ba\/bahia\/noticia\/2023\/04\/06\/menina-de-6-anos-desaparece-apos-sair-de-casa-para-brincar-na-casa-da-amiga-no-interior-da-bahia.ghtml\">r<\/a>, na cidade de\u00a0Araci, a 200 km de Salvador, teria sido v\u00edtima de estupro antes de ser assassinada. A informa\u00e7\u00e3o foi divulgada pela fam\u00edlia da crian\u00e7a nesta segunda (10).<\/strong><\/p>\n<p><strong>Familiares de Alice Oliveira de Moura detalharam que o laudo da Pol\u00edcia T\u00e9cnica foi passado para eles na sexta-feira (7), horas antes do corpo da garota ser\u00a0sepultado.<\/strong><\/p>\n<div id=\"chunk-6m56h\">\n<div class=\"mc-column content-text active-extra-styles \" data-block-type=\"unstyled\" data-block-weight=\"40\" data-block-id=\"7\">\n<p class=\"content-text__container \" data-track-category=\"Link no Texto\" data-track-links=\"\"><strong>Alice foi encontrada enterrada na casa do suspeito do crime, um adolescente de 15 anos, irm\u00e3o de uma amiga da menina. Ele confessou, foi apreendido pela pol\u00edcia e autuado por ato infracional an\u00e1logo a homic\u00eddio qualificado e oculta\u00e7\u00e3o de cad\u00e1ver.<\/strong><\/p>\n<\/div>\n<\/div>\n<div id=\"chunk-dqo24\">\n<div class=\"mc-column content-text active-extra-styles \" data-block-type=\"unstyled\" data-block-weight=\"37\" data-block-id=\"8\">\n<p class=\"content-text__container \" data-track-category=\"Link no Texto\" data-track-links=\"\"><strong>De acordo com Fernando Sampaio, que \u00e9 primo do pai da garota, o suspeito afirmou em depoimento que matou Alice porque\u00a0ela o irritava\u00a0ao ir a todo instante na sua casa, onde brincava com sua irm\u00e3.<\/strong><\/p>\n<\/div>\n<\/div>\n<div id=\"chunk-aikk4\">\n<div class=\"mc-column content-text active-extra-styles \" data-block-type=\"unstyled\" data-block-weight=\"54\" data-block-id=\"9\">\n<p class=\"content-text__container \" data-track-category=\"Link no Texto\" data-track-links=\"\"><strong>A fam\u00edlia da menina disse ainda que a pol\u00edcia passou a desconfiar do adolescente ao descobrir que ele estava sozinho em casa no momento em que a menina foi at\u00e9 o local procurar a amiga. O corpo de Alice teria sido encontrado com um cinto amarrado no pesco\u00e7o e um saco pl\u00e1stico na cabe\u00e7a.<\/strong><\/p>\n<p><span style=\"color: #0000ff;\"><strong><a style=\"color: #0000ff;\" href=\"https:\/\/g1.globo.com\/ba\/bahia\/noticia\/2023\/04\/10\/crianca-de-6-anos-encontrada-morta-na-bahia-teria-sido-vitima-de-estupro-diz-familia.ghtml\">CONFIRA MAT\u00c9RIA COMPLETA NO G1<\/a><\/strong><\/span><\/p>\n<\/div>\n<\/div>\n","protected":false},"excerpt":{"rendered":"<p>A menina de 6 anos que foi\u00a0encontrada morta\u00a0ap\u00f3s\u00a0desaparecer, na cidade de\u00a0Araci, a 200 km de Salvador, teria sido v\u00edtima de estupro antes de ser assassinada. A informa\u00e7\u00e3o foi divulgada pela fam\u00edlia da crian\u00e7a nesta segunda (10). Familiares de Alice Oliveira de Moura detalharam que o laudo da Pol\u00edcia T\u00e9cnica foi passado para eles na sexta-feira [&hellip;]<\/p>\n","protected":false},"author":2,"featured_media":109088,"comment_status":"closed","ping_status":"open","sticky":false,"template":"","format":"standard","meta":{"footnotes":"","_links_to":"","_links_to_target":""},"categories":[1],"tags":[],"class_list":["post-109087","post","type-post","status-publish","format-standard","has-post-thumbnail","hentry","category-geral"],"views":817,"_links":{"self":[{"href":"https:\/\/www.sudoestehoje.com.br\/novoportal\/wp-json\/wp\/v2\/posts\/109087","targetHints":{"allow":["GET"]}}],"collection":[{"href":"https:\/\/www.sudoestehoje.com.br\/novoportal\/wp-json\/wp\/v2\/posts"}],"about":[{"href":"https:\/\/www.sudoestehoje.com.br\/novoportal\/wp-json\/wp\/v2\/types\/post"}],"author":[{"embeddable":true,"href":"https:\/\/www.sudoestehoje.com.br\/novoportal\/wp-json\/wp\/v2\/users\/2"}],"replies":[{"embeddable":true,"href":"https:\/\/www.sudoestehoje.com.br\/novoportal\/wp-json\/wp\/v2\/comments?post=109087"}],"version-history":[{"count":2,"href":"https:\/\/www.sudoestehoje.com.br\/novoportal\/wp-json\/wp\/v2\/posts\/109087\/revisions"}],"predecessor-version":[{"id":109090,"href":"https:\/\/www.sudoestehoje.com.br\/novoportal\/wp-json\/wp\/v2\/posts\/109087\/revisions\/109090"}],"wp:featuredmedia":[{"embeddable":true,"href":"https:\/\/www.sudoestehoje.com.br\/novoportal\/wp-json\/wp\/v2\/media\/109088"}],"wp:attachment":[{"href":"https:\/\/www.sudoestehoje.com.br\/novoportal\/wp-json\/wp\/v2\/media?parent=109087"}],"wp:term":[{"taxonomy":"category","embeddable":true,"href":"https:\/\/www.sudoestehoje.com.br\/novoportal\/wp-json\/wp\/v2\/categories?post=109087"},{"taxonomy":"post_tag","embeddable":true,"href":"https:\/\/www.sudoestehoje.com.br\/novoportal\/wp-json\/wp\/v2\/tags?post=109087"}],"curies":[{"name":"wp","href":"https:\/\/api.w.org\/{rel}","templated":true}]}}