
{"id":109079,"date":"2023-04-10T18:09:54","date_gmt":"2023-04-10T21:09:54","guid":{"rendered":"https:\/\/www.sudoestehoje.com.br\/novoportal\/?p=109079"},"modified":"2023-04-10T18:09:54","modified_gmt":"2023-04-10T21:09:54","slug":"itapetinga-chuvas-na-regiao-fortalecem-realizacao-da-exposicao-agropecuaria","status":"publish","type":"post","link":"https:\/\/www.sudoestehoje.com.br\/novoportal\/2023\/04\/10\/itapetinga-chuvas-na-regiao-fortalecem-realizacao-da-exposicao-agropecuaria\/","title":{"rendered":"ITAPETINGA | CHUVAS NA REGI\u00c3O FORTALECEM REALIZA\u00c7\u00c3O DA EXPOSI\u00c7\u00c3O AGROPECU\u00c1RIA"},"content":{"rendered":"<p><a href=\"https:\/\/www.sudoestehoje.com.br\/novoportal\/wp-content\/uploads\/2023\/04\/EXPOSICAO-2019-700x394-1.jpg\"><img loading=\"lazy\" decoding=\"async\" class=\"aligncenter size-medium wp-image-109080\" src=\"https:\/\/www.sudoestehoje.com.br\/novoportal\/wp-content\/uploads\/2023\/04\/EXPOSICAO-2019-700x394-1-600x338.jpg\" alt=\"\" width=\"600\" height=\"338\" srcset=\"https:\/\/www.sudoestehoje.com.br\/novoportal\/wp-content\/uploads\/2023\/04\/EXPOSICAO-2019-700x394-1-600x338.jpg 600w, https:\/\/www.sudoestehoje.com.br\/novoportal\/wp-content\/uploads\/2023\/04\/EXPOSICAO-2019-700x394-1.jpg 700w\" sizes=\"auto, (max-width: 600px) 100vw, 600px\" \/><\/a><\/p>\n<p><strong>\u00c9 consenso entre os produtores rurais que as chuvas regulares do outono fortalecem a pecu\u00e1ria, pois antecedem o per\u00edodo seco do inverno, p\u00e9ssimo para esse setor produtivo que \u00e9 vital para a economia da regi\u00e3o agropastoril de Itapetinga.<\/strong><\/p>\n<p><strong>Com as chuvas e os pecuaristas mais motivados, \u00e9 certeza de que teremos uma boa Exposi\u00e7\u00e3o Agropecu\u00e1ria, a ser realizada entre 12 e 21 de maio pr\u00f3ximo.<\/strong><\/p>\n<p><strong>\u00c9 importante dizer tamb\u00e9m que as chuvas representam maior produ\u00e7\u00e3o de carne e leite, o que contribui para a baixa ou estabiliza\u00e7\u00e3o dos pre\u00e7os ao consumidor final, no per\u00edodo conhecido como &#8216;entressafra&#8217;.<\/strong><\/p>\n<p><strong>S\u00f3 n\u00e3o pode chover nos dias da realiza\u00e7\u00e3o do evento&#8230;<\/strong><\/p>\n<p><em><strong>Por Davi Ferraz<\/strong>\u00a0<\/em><\/p>\n","protected":false},"excerpt":{"rendered":"<p>\u00c9 consenso entre os produtores rurais que as chuvas regulares do outono fortalecem a pecu\u00e1ria, pois antecedem o per\u00edodo seco do inverno, p\u00e9ssimo para esse setor produtivo que \u00e9 vital para a economia da regi\u00e3o agropastoril de Itapetinga. Com as chuvas e os pecuaristas mais motivados, \u00e9 certeza de que teremos uma boa Exposi\u00e7\u00e3o Agropecu\u00e1ria, [&hellip;]<\/p>\n","protected":false},"author":2,"featured_media":109080,"comment_status":"closed","ping_status":"open","sticky":false,"template":"","format":"standard","meta":{"footnotes":"","_links_to":"","_links_to_target":""},"categories":[1],"tags":[],"class_list":["post-109079","post","type-post","status-publish","format-standard","has-post-thumbnail","hentry","category-geral"],"views":788,"_links":{"self":[{"href":"https:\/\/www.sudoestehoje.com.br\/novoportal\/wp-json\/wp\/v2\/posts\/109079","targetHints":{"allow":["GET"]}}],"collection":[{"href":"https:\/\/www.sudoestehoje.com.br\/novoportal\/wp-json\/wp\/v2\/posts"}],"about":[{"href":"https:\/\/www.sudoestehoje.com.br\/novoportal\/wp-json\/wp\/v2\/types\/post"}],"author":[{"embeddable":true,"href":"https:\/\/www.sudoestehoje.com.br\/novoportal\/wp-json\/wp\/v2\/users\/2"}],"replies":[{"embeddable":true,"href":"https:\/\/www.sudoestehoje.com.br\/novoportal\/wp-json\/wp\/v2\/comments?post=109079"}],"version-history":[{"count":2,"href":"https:\/\/www.sudoestehoje.com.br\/novoportal\/wp-json\/wp\/v2\/posts\/109079\/revisions"}],"predecessor-version":[{"id":109082,"href":"https:\/\/www.sudoestehoje.com.br\/novoportal\/wp-json\/wp\/v2\/posts\/109079\/revisions\/109082"}],"wp:featuredmedia":[{"embeddable":true,"href":"https:\/\/www.sudoestehoje.com.br\/novoportal\/wp-json\/wp\/v2\/media\/109080"}],"wp:attachment":[{"href":"https:\/\/www.sudoestehoje.com.br\/novoportal\/wp-json\/wp\/v2\/media?parent=109079"}],"wp:term":[{"taxonomy":"category","embeddable":true,"href":"https:\/\/www.sudoestehoje.com.br\/novoportal\/wp-json\/wp\/v2\/categories?post=109079"},{"taxonomy":"post_tag","embeddable":true,"href":"https:\/\/www.sudoestehoje.com.br\/novoportal\/wp-json\/wp\/v2\/tags?post=109079"}],"curies":[{"name":"wp","href":"https:\/\/api.w.org\/{rel}","templated":true}]}}