
{"id":109075,"date":"2023-04-10T10:47:04","date_gmt":"2023-04-10T13:47:04","guid":{"rendered":"https:\/\/www.sudoestehoje.com.br\/novoportal\/?p=109075"},"modified":"2023-04-10T10:47:04","modified_gmt":"2023-04-10T13:47:04","slug":"tempo-abafado-traz-muita-chuva-para-itapetinga-e-cidades-do-medio-sudoeste","status":"publish","type":"post","link":"https:\/\/www.sudoestehoje.com.br\/novoportal\/2023\/04\/10\/tempo-abafado-traz-muita-chuva-para-itapetinga-e-cidades-do-medio-sudoeste\/","title":{"rendered":"TEMPO ABAFADO TRAZ MUITA CHUVA PARA ITAPETINGA E CIDADES DO M\u00c9DIO SUDOESTE"},"content":{"rendered":"<p><a href=\"https:\/\/www.sudoestehoje.com.br\/novoportal\/wp-content\/uploads\/2023\/04\/WhatsApp-Image-2023-04-10-at-09.50.12.jpeg\"><img loading=\"lazy\" decoding=\"async\" class=\"aligncenter size-medium wp-image-109077\" src=\"https:\/\/www.sudoestehoje.com.br\/novoportal\/wp-content\/uploads\/2023\/04\/WhatsApp-Image-2023-04-10-at-09.50.12-600x320.jpeg\" alt=\"\" width=\"600\" height=\"320\" srcset=\"https:\/\/www.sudoestehoje.com.br\/novoportal\/wp-content\/uploads\/2023\/04\/WhatsApp-Image-2023-04-10-at-09.50.12-600x320.jpeg 600w, https:\/\/www.sudoestehoje.com.br\/novoportal\/wp-content\/uploads\/2023\/04\/WhatsApp-Image-2023-04-10-at-09.50.12-700x373.jpeg 700w, https:\/\/www.sudoestehoje.com.br\/novoportal\/wp-content\/uploads\/2023\/04\/WhatsApp-Image-2023-04-10-at-09.50.12-768x409.jpeg 768w, https:\/\/www.sudoestehoje.com.br\/novoportal\/wp-content\/uploads\/2023\/04\/WhatsApp-Image-2023-04-10-at-09.50.12-1536x818.jpeg 1536w, https:\/\/www.sudoestehoje.com.br\/novoportal\/wp-content\/uploads\/2023\/04\/WhatsApp-Image-2023-04-10-at-09.50.12.jpeg 1599w\" sizes=\"auto, (max-width: 600px) 100vw, 600px\" \/><\/a><\/p>\n<p><strong>Com a chegada do outono, o tempo ficou abafado em Itapetinga e toda a regi\u00e3o, trazendo muita chuva, associada ao calor que ainda persiste, mesmo com mudan\u00e7a da esta\u00e7\u00e3o.<\/strong><\/p>\n<p><strong>No domingo de P\u00e1scoa, o tempo foi quente e abafado, mas a chuva s\u00f3 chegou mesmo durante a madrugada desta segunda-feira (10), aliviando um pouco o forte calos que predominou na \u00faltima semana.<\/strong><\/p>\n<p><strong>De acordo com o Climatempo, as chuvas devem continuar nesta segunda e na ter\u00e7a-feira (amanh\u00e3), voltando a chove no pr\u00f3ximo final de semana.<\/strong><\/p>\n<p><strong>Quando n\u00e3o causam transtornos e preju\u00edzos, a chuvas sempre s\u00e3o bem vindas na regi\u00e3o.<\/strong><\/p>\n<p><strong><em>Por Davi Ferraz<\/em><\/strong><\/p>\n","protected":false},"excerpt":{"rendered":"<p>Com a chegada do outono, o tempo ficou abafado em Itapetinga e toda a regi\u00e3o, trazendo muita chuva, associada ao calor que ainda persiste, mesmo com mudan\u00e7a da esta\u00e7\u00e3o. No domingo de P\u00e1scoa, o tempo foi quente e abafado, mas a chuva s\u00f3 chegou mesmo durante a madrugada desta segunda-feira (10), aliviando um pouco o [&hellip;]<\/p>\n","protected":false},"author":2,"featured_media":109077,"comment_status":"closed","ping_status":"open","sticky":false,"template":"","format":"standard","meta":{"footnotes":"","_links_to":"","_links_to_target":""},"categories":[1],"tags":[],"class_list":["post-109075","post","type-post","status-publish","format-standard","has-post-thumbnail","hentry","category-geral"],"views":768,"_links":{"self":[{"href":"https:\/\/www.sudoestehoje.com.br\/novoportal\/wp-json\/wp\/v2\/posts\/109075","targetHints":{"allow":["GET"]}}],"collection":[{"href":"https:\/\/www.sudoestehoje.com.br\/novoportal\/wp-json\/wp\/v2\/posts"}],"about":[{"href":"https:\/\/www.sudoestehoje.com.br\/novoportal\/wp-json\/wp\/v2\/types\/post"}],"author":[{"embeddable":true,"href":"https:\/\/www.sudoestehoje.com.br\/novoportal\/wp-json\/wp\/v2\/users\/2"}],"replies":[{"embeddable":true,"href":"https:\/\/www.sudoestehoje.com.br\/novoportal\/wp-json\/wp\/v2\/comments?post=109075"}],"version-history":[{"count":2,"href":"https:\/\/www.sudoestehoje.com.br\/novoportal\/wp-json\/wp\/v2\/posts\/109075\/revisions"}],"predecessor-version":[{"id":109078,"href":"https:\/\/www.sudoestehoje.com.br\/novoportal\/wp-json\/wp\/v2\/posts\/109075\/revisions\/109078"}],"wp:featuredmedia":[{"embeddable":true,"href":"https:\/\/www.sudoestehoje.com.br\/novoportal\/wp-json\/wp\/v2\/media\/109077"}],"wp:attachment":[{"href":"https:\/\/www.sudoestehoje.com.br\/novoportal\/wp-json\/wp\/v2\/media?parent=109075"}],"wp:term":[{"taxonomy":"category","embeddable":true,"href":"https:\/\/www.sudoestehoje.com.br\/novoportal\/wp-json\/wp\/v2\/categories?post=109075"},{"taxonomy":"post_tag","embeddable":true,"href":"https:\/\/www.sudoestehoje.com.br\/novoportal\/wp-json\/wp\/v2\/tags?post=109075"}],"curies":[{"name":"wp","href":"https:\/\/api.w.org\/{rel}","templated":true}]}}