
{"id":109065,"date":"2023-04-09T08:19:30","date_gmt":"2023-04-09T11:19:30","guid":{"rendered":"https:\/\/www.sudoestehoje.com.br\/novoportal\/?p=109065"},"modified":"2023-04-09T08:21:51","modified_gmt":"2023-04-09T11:21:51","slug":"compras-da-semana-santa-embalam-o-comercio-varejista-em-itapetinga","status":"publish","type":"post","link":"https:\/\/www.sudoestehoje.com.br\/novoportal\/2023\/04\/09\/compras-da-semana-santa-embalam-o-comercio-varejista-em-itapetinga\/","title":{"rendered":"COMPRAS DA SEMANA SANTA EMBALAM O COM\u00c9RCIO VAREJISTA EM ITAPETINGA"},"content":{"rendered":"<p><a href=\"https:\/\/www.sudoestehoje.com.br\/novoportal\/wp-content\/uploads\/2023\/04\/WhatsApp-Image-2023-04-09-at-08.18.04.jpeg\"><img loading=\"lazy\" decoding=\"async\" class=\"aligncenter size-medium wp-image-109067\" src=\"https:\/\/www.sudoestehoje.com.br\/novoportal\/wp-content\/uploads\/2023\/04\/WhatsApp-Image-2023-04-09-at-08.18.04-600x338.jpeg\" alt=\"\" width=\"600\" height=\"338\" srcset=\"https:\/\/www.sudoestehoje.com.br\/novoportal\/wp-content\/uploads\/2023\/04\/WhatsApp-Image-2023-04-09-at-08.18.04-600x338.jpeg 600w, https:\/\/www.sudoestehoje.com.br\/novoportal\/wp-content\/uploads\/2023\/04\/WhatsApp-Image-2023-04-09-at-08.18.04-700x394.jpeg 700w, https:\/\/www.sudoestehoje.com.br\/novoportal\/wp-content\/uploads\/2023\/04\/WhatsApp-Image-2023-04-09-at-08.18.04-768x432.jpeg 768w, https:\/\/www.sudoestehoje.com.br\/novoportal\/wp-content\/uploads\/2023\/04\/WhatsApp-Image-2023-04-09-at-08.18.04-1536x865.jpeg 1536w, https:\/\/www.sudoestehoje.com.br\/novoportal\/wp-content\/uploads\/2023\/04\/WhatsApp-Image-2023-04-09-at-08.18.04.jpeg 1600w\" sizes=\"auto, (max-width: 600px) 100vw, 600px\" \/><\/a><\/p>\n<p><strong>Nas v\u00e9speras da Semana Santa, o com\u00e9rcio varejista em Itapetinga e regi\u00e3o registrou um aumento significativo nas vendas, principalmente nos setores de alimenta\u00e7\u00e3o. Peixes, verdura e frutas foram os mais procurados nas feiras livres e nos supermercados.<\/strong><\/p>\n<p><strong>No s\u00e1bado de Aleluia, o movimento na feira-livre da Central de Abastecimento foi intenso, j\u00e1 que n\u00e3o funcionou na sua totalidade, na sexta-feira santa.<\/strong><\/p>\n<p><strong>No maior atacadista da regi\u00e3o, filas se formaram nos caixas, com fam\u00edlias e pequenos comerciantes de toda a regi\u00e3o se abastecendo com g\u00eaneros de toda a esp\u00e9cie, incluindo os tradicionais ovos de p\u00e1scoa e o bacalhau.\u00a0<\/strong><\/p>\n<p><strong>Feliz pascoa!<\/strong><\/p>\n<p><em><strong>Por Davi Ferraz<\/strong><\/em><\/p>\n","protected":false},"excerpt":{"rendered":"<p>Nas v\u00e9speras da Semana Santa, o com\u00e9rcio varejista em Itapetinga e regi\u00e3o registrou um aumento significativo nas vendas, principalmente nos setores de alimenta\u00e7\u00e3o. Peixes, verdura e frutas foram os mais procurados nas feiras livres e nos supermercados. No s\u00e1bado de Aleluia, o movimento na feira-livre da Central de Abastecimento foi intenso, j\u00e1 que n\u00e3o funcionou [&hellip;]<\/p>\n","protected":false},"author":2,"featured_media":109067,"comment_status":"closed","ping_status":"open","sticky":false,"template":"","format":"standard","meta":{"footnotes":"","_links_to":"","_links_to_target":""},"categories":[1],"tags":[],"class_list":["post-109065","post","type-post","status-publish","format-standard","has-post-thumbnail","hentry","category-geral"],"views":1021,"_links":{"self":[{"href":"https:\/\/www.sudoestehoje.com.br\/novoportal\/wp-json\/wp\/v2\/posts\/109065","targetHints":{"allow":["GET"]}}],"collection":[{"href":"https:\/\/www.sudoestehoje.com.br\/novoportal\/wp-json\/wp\/v2\/posts"}],"about":[{"href":"https:\/\/www.sudoestehoje.com.br\/novoportal\/wp-json\/wp\/v2\/types\/post"}],"author":[{"embeddable":true,"href":"https:\/\/www.sudoestehoje.com.br\/novoportal\/wp-json\/wp\/v2\/users\/2"}],"replies":[{"embeddable":true,"href":"https:\/\/www.sudoestehoje.com.br\/novoportal\/wp-json\/wp\/v2\/comments?post=109065"}],"version-history":[{"count":3,"href":"https:\/\/www.sudoestehoje.com.br\/novoportal\/wp-json\/wp\/v2\/posts\/109065\/revisions"}],"predecessor-version":[{"id":109069,"href":"https:\/\/www.sudoestehoje.com.br\/novoportal\/wp-json\/wp\/v2\/posts\/109065\/revisions\/109069"}],"wp:featuredmedia":[{"embeddable":true,"href":"https:\/\/www.sudoestehoje.com.br\/novoportal\/wp-json\/wp\/v2\/media\/109067"}],"wp:attachment":[{"href":"https:\/\/www.sudoestehoje.com.br\/novoportal\/wp-json\/wp\/v2\/media?parent=109065"}],"wp:term":[{"taxonomy":"category","embeddable":true,"href":"https:\/\/www.sudoestehoje.com.br\/novoportal\/wp-json\/wp\/v2\/categories?post=109065"},{"taxonomy":"post_tag","embeddable":true,"href":"https:\/\/www.sudoestehoje.com.br\/novoportal\/wp-json\/wp\/v2\/tags?post=109065"}],"curies":[{"name":"wp","href":"https:\/\/api.w.org\/{rel}","templated":true}]}}