
{"id":109010,"date":"2023-04-06T09:36:01","date_gmt":"2023-04-06T12:36:01","guid":{"rendered":"https:\/\/www.sudoestehoje.com.br\/novoportal\/?p=109010"},"modified":"2023-04-06T11:20:59","modified_gmt":"2023-04-06T14:20:59","slug":"prefeitura-de-conquista-decreta-situacao-de-emegencia-por-conta-da-estiagem","status":"publish","type":"post","link":"https:\/\/www.sudoestehoje.com.br\/novoportal\/2023\/04\/06\/prefeitura-de-conquista-decreta-situacao-de-emegencia-por-conta-da-estiagem\/","title":{"rendered":"PREFEITURA DE CONQUISTA DECRETA SITUA\u00c7\u00c3O DE EMERG\u00caNCIA POR CONTA DA ESTIAGEM"},"content":{"rendered":"<h3><a href=\"https:\/\/www.sudoestehoje.com.br\/novoportal\/wp-content\/uploads\/2023\/04\/IMAGEM_NOTICIA_1-1.jpg\"><img loading=\"lazy\" decoding=\"async\" class=\"aligncenter wp-image-109013\" src=\"https:\/\/www.sudoestehoje.com.br\/novoportal\/wp-content\/uploads\/2023\/04\/IMAGEM_NOTICIA_1-1.jpg\" alt=\"\" width=\"600\" height=\"384\" \/><\/a><\/h3>\n<p>A Prefeitura de Vit\u00f3ria da Conquista decretou ontem (5) situa\u00e7\u00e3o de emerg\u00eancia por causa da estiagem que atinge zona rural. A previs\u00e3o \u00e9 que o munic\u00edpio n\u00e3o tenha grandes volumes de chuvas nos pr\u00f3ximos meses.<\/p>\n<p>A situa\u00e7\u00e3o de emerg\u00eancia foi decretada para os distritos de Bate-P\u00e9, Dantel\u00e2ndia, Inhobim, S\u00e3o Sebasti\u00e3o, Cabeceira do Jiboia, S\u00e3o Jo\u00e3o da Vit\u00f3ria, Cercadinho, Igu\u00e1, Veredinha, Pradoso e Jos\u00e9 Gon\u00e7alves. O decreto \u00e9 v\u00e1lido por 180 dias.<\/p>\n<p>Desde 2015, essas regi\u00f5es s\u00e3o impactadas pela escassez de chuva, apesar das chuvas torrenciais do final do ano de 2022 e primeiros dias deste ano.<\/p>\n<p>Por ter a maior parte de sua \u00e1rea no semi\u00e1rido, mesmo com alguns per\u00edodos de chuvas intensas, a m\u00e9dia hist\u00f3rica de chuvas dos \u00faltimos anos n\u00e3o tem sido suficiente para combater os efeitos da seca.<\/p>\n<p>Seguindo a prefeitura, a insufici\u00eancia de chuva prejudica o desenvolvimento das pastagens e a reposi\u00e7\u00e3o dos mananciais, comprometendo a pecu\u00e1ria de leite e de corte e a ovinocaprinocultura da regi\u00e3o.<\/p>\n<p>O decreto de situa\u00e7\u00e3o de emerg\u00eancia d\u00e1 respaldo jur\u00eddico para que o Governo Municipal fa\u00e7a a contrata\u00e7\u00e3o de novos caminh\u00f5es-pipa com recursos pr\u00f3prios, a fim de complementar a opera\u00e7\u00e3o e beneficiar, prioritariamente, pessoas idosas e com necessidades especiais, al\u00e9m de comunidades quilombolas.<\/p>\n","protected":false},"excerpt":{"rendered":"<p>A Prefeitura de Vit\u00f3ria da Conquista decretou ontem (5) situa\u00e7\u00e3o de emerg\u00eancia por causa da estiagem que atinge zona rural. A previs\u00e3o \u00e9 que o munic\u00edpio n\u00e3o tenha grandes volumes de chuvas nos pr\u00f3ximos meses. A situa\u00e7\u00e3o de emerg\u00eancia foi decretada para os distritos de Bate-P\u00e9, Dantel\u00e2ndia, Inhobim, S\u00e3o Sebasti\u00e3o, Cabeceira do Jiboia, S\u00e3o Jo\u00e3o [&hellip;]<\/p>\n","protected":false},"author":2,"featured_media":109013,"comment_status":"closed","ping_status":"closed","sticky":false,"template":"","format":"standard","meta":{"footnotes":"","_links_to":"","_links_to_target":""},"categories":[1],"tags":[],"class_list":["post-109010","post","type-post","status-publish","format-standard","has-post-thumbnail","hentry","category-geral"],"views":577,"_links":{"self":[{"href":"https:\/\/www.sudoestehoje.com.br\/novoportal\/wp-json\/wp\/v2\/posts\/109010","targetHints":{"allow":["GET"]}}],"collection":[{"href":"https:\/\/www.sudoestehoje.com.br\/novoportal\/wp-json\/wp\/v2\/posts"}],"about":[{"href":"https:\/\/www.sudoestehoje.com.br\/novoportal\/wp-json\/wp\/v2\/types\/post"}],"author":[{"embeddable":true,"href":"https:\/\/www.sudoestehoje.com.br\/novoportal\/wp-json\/wp\/v2\/users\/2"}],"replies":[{"embeddable":true,"href":"https:\/\/www.sudoestehoje.com.br\/novoportal\/wp-json\/wp\/v2\/comments?post=109010"}],"version-history":[{"count":6,"href":"https:\/\/www.sudoestehoje.com.br\/novoportal\/wp-json\/wp\/v2\/posts\/109010\/revisions"}],"predecessor-version":[{"id":109038,"href":"https:\/\/www.sudoestehoje.com.br\/novoportal\/wp-json\/wp\/v2\/posts\/109010\/revisions\/109038"}],"wp:featuredmedia":[{"embeddable":true,"href":"https:\/\/www.sudoestehoje.com.br\/novoportal\/wp-json\/wp\/v2\/media\/109013"}],"wp:attachment":[{"href":"https:\/\/www.sudoestehoje.com.br\/novoportal\/wp-json\/wp\/v2\/media?parent=109010"}],"wp:term":[{"taxonomy":"category","embeddable":true,"href":"https:\/\/www.sudoestehoje.com.br\/novoportal\/wp-json\/wp\/v2\/categories?post=109010"},{"taxonomy":"post_tag","embeddable":true,"href":"https:\/\/www.sudoestehoje.com.br\/novoportal\/wp-json\/wp\/v2\/tags?post=109010"}],"curies":[{"name":"wp","href":"https:\/\/api.w.org\/{rel}","templated":true}]}}