
{"id":108963,"date":"2023-04-05T09:58:29","date_gmt":"2023-04-05T12:58:29","guid":{"rendered":"https:\/\/www.sudoestehoje.com.br\/novoportal\/?p=108963"},"modified":"2023-04-06T11:10:07","modified_gmt":"2023-04-06T14:10:07","slug":"deputado-raimundinho-da-jr-propoe-regulamentacao-dos-peredoes","status":"publish","type":"post","link":"https:\/\/www.sudoestehoje.com.br\/novoportal\/2023\/04\/05\/deputado-raimundinho-da-jr-propoe-regulamentacao-dos-peredoes\/","title":{"rendered":"DEPUTADO RAIMUNDINHO DA JR PROP\u00d5E REGULAMENTA\u00c7\u00c3O DOS PARED\u00d5ES"},"content":{"rendered":"<p><a href=\"https:\/\/www.sudoestehoje.com.br\/novoportal\/wp-content\/uploads\/2023\/04\/56288-901467-2023-03-09-17-38-59.jpg\"><img loading=\"lazy\" decoding=\"async\" class=\"aligncenter wp-image-108965\" src=\"https:\/\/www.sudoestehoje.com.br\/novoportal\/wp-content\/uploads\/2023\/04\/56288-901467-2023-03-09-17-38-59.jpg\" alt=\"\" width=\"599\" height=\"337\" \/><\/a><\/p>\n<p>O deputado Raimundinho da JR (PL) apresentou projeto de lei que prop\u00f5e a regulamenta\u00e7\u00e3o dos equipamentos de som automotivos, popularmente conhecidos como pared\u00f5es em carros, caminhonetes, camionetas, caminh\u00f5es e similares que possuam sistema de som, nas vias, pra\u00e7as e demais logradouros p\u00fablicos.<\/p>\n<p>\u201cO projeto de lei em quest\u00e3o atende a imperativos \u00e9ticos, pol\u00edticos e jur\u00eddicos, visando estabelecer par\u00e2metros normativos que regulem a utiliza\u00e7\u00e3o de aparelhagens sonoras potentes\u201d, disse.<\/p>\n<p>\u201cA Constitui\u00e7\u00e3o de 1988 inova ao repactuar as rela\u00e7\u00f5es entre cidad\u00e3os e Estado, expandindo direitos civis, pol\u00edticos, sociais e culturais, ao mesmo tempo em que inova ao criar direitos\u201d, explica o parlamentar, citando que, entre outros, reconhece \u201co direito ao meio ambiente equilibrado como direito difuso de titularidade de toda sociedade, exigindo do poder p\u00fablico uma postura ativa de cont\u00ednua fiscaliza\u00e7\u00e3o e efetiva\u00e7\u00e3o dos direitos ambientais\u201d.<\/p>\n<p>Raimundinho explica que a regulamenta\u00e7\u00e3o vai permitir o desenvolvimento de exibi\u00e7\u00f5es em eventos abertos ao p\u00fablico, que possivelmente atrair\u00e1 diversos investimentos privados, incentivando lazer e renda, sem qualquer transtorno para a popula\u00e7\u00e3o e sem transgress\u00e3o \u00e0 legisla\u00e7\u00e3o existente. \u201cIsso j\u00e1 acontece em diversas cidades brasileiras, que dinamizaram suas economias a partir da gera\u00e7\u00e3o de emprego nas equipadoras, marcenarias e vendedores de equipamentos\u201d, afirmou.<\/p>\n<p>O parlamentar disse que, \u201cassim como o futebol, v\u00f4lei e outros esportes, necessitam de um espa\u00e7o para a sua pr\u00e1tica sem causar transtornos para os demais cidad\u00e3os que n\u00e3o s\u00e3o adeptos \u00e0 pr\u00e1tica\u201d. \u201cCom a regulamenta\u00e7\u00e3o, os supostos efeitos negativos que podem ser propiciados em virtude da pr\u00e1tica do mesmo, podem ser minados devido a regulamenta\u00e7\u00e3o e fiscaliza\u00e7\u00e3o dos eventos realizados no \u00e2mbito do Estado da Bahia sobre o olhar atento do Poder P\u00fablico\u201d.<\/p>\n","protected":false},"excerpt":{"rendered":"<p>O deputado Raimundinho da JR (PL) apresentou projeto de lei que prop\u00f5e a regulamenta\u00e7\u00e3o dos equipamentos de som automotivos, popularmente conhecidos como pared\u00f5es em carros, caminhonetes, camionetas, caminh\u00f5es e similares que possuam sistema de som, nas vias, pra\u00e7as e demais logradouros p\u00fablicos. \u201cO projeto de lei em quest\u00e3o atende a imperativos \u00e9ticos, pol\u00edticos e jur\u00eddicos, [&hellip;]<\/p>\n","protected":false},"author":2,"featured_media":108965,"comment_status":"closed","ping_status":"open","sticky":false,"template":"","format":"standard","meta":{"footnotes":"","_links_to":"","_links_to_target":""},"categories":[1],"tags":[],"class_list":["post-108963","post","type-post","status-publish","format-standard","has-post-thumbnail","hentry","category-geral"],"views":763,"_links":{"self":[{"href":"https:\/\/www.sudoestehoje.com.br\/novoportal\/wp-json\/wp\/v2\/posts\/108963","targetHints":{"allow":["GET"]}}],"collection":[{"href":"https:\/\/www.sudoestehoje.com.br\/novoportal\/wp-json\/wp\/v2\/posts"}],"about":[{"href":"https:\/\/www.sudoestehoje.com.br\/novoportal\/wp-json\/wp\/v2\/types\/post"}],"author":[{"embeddable":true,"href":"https:\/\/www.sudoestehoje.com.br\/novoportal\/wp-json\/wp\/v2\/users\/2"}],"replies":[{"embeddable":true,"href":"https:\/\/www.sudoestehoje.com.br\/novoportal\/wp-json\/wp\/v2\/comments?post=108963"}],"version-history":[{"count":5,"href":"https:\/\/www.sudoestehoje.com.br\/novoportal\/wp-json\/wp\/v2\/posts\/108963\/revisions"}],"predecessor-version":[{"id":109041,"href":"https:\/\/www.sudoestehoje.com.br\/novoportal\/wp-json\/wp\/v2\/posts\/108963\/revisions\/109041"}],"wp:featuredmedia":[{"embeddable":true,"href":"https:\/\/www.sudoestehoje.com.br\/novoportal\/wp-json\/wp\/v2\/media\/108965"}],"wp:attachment":[{"href":"https:\/\/www.sudoestehoje.com.br\/novoportal\/wp-json\/wp\/v2\/media?parent=108963"}],"wp:term":[{"taxonomy":"category","embeddable":true,"href":"https:\/\/www.sudoestehoje.com.br\/novoportal\/wp-json\/wp\/v2\/categories?post=108963"},{"taxonomy":"post_tag","embeddable":true,"href":"https:\/\/www.sudoestehoje.com.br\/novoportal\/wp-json\/wp\/v2\/tags?post=108963"}],"curies":[{"name":"wp","href":"https:\/\/api.w.org\/{rel}","templated":true}]}}