
{"id":108908,"date":"2023-04-03T17:10:33","date_gmt":"2023-04-03T20:10:33","guid":{"rendered":"https:\/\/www.sudoestehoje.com.br\/novoportal\/?p=108908"},"modified":"2023-04-05T09:38:25","modified_gmt":"2023-04-05T12:38:25","slug":"video-motorista-de-aplicativo-e-baleado-apos-chutar-carro-de-fazendeiro-de-itapetinga-em-conquista","status":"publish","type":"post","link":"https:\/\/www.sudoestehoje.com.br\/novoportal\/2023\/04\/03\/video-motorista-de-aplicativo-e-baleado-apos-chutar-carro-de-fazendeiro-de-itapetinga-em-conquista\/","title":{"rendered":"V\u00cdDEO | MOTORISTA DE APLICATIVO \u00c9 BALEADO AP\u00d3S CHUTAR CARRO DE FAZENDEIRO DE ITAPETINGA EM CONQUISTA"},"content":{"rendered":"<p><a href=\"https:\/\/www.sudoestehoje.com.br\/novoportal\/wp-content\/uploads\/2023\/04\/WhatsApp-Image-2023-04-03-at-17.14.03.jpeg\"><img loading=\"lazy\" decoding=\"async\" class=\"aligncenter wp-image-108915\" src=\"https:\/\/www.sudoestehoje.com.br\/novoportal\/wp-content\/uploads\/2023\/04\/WhatsApp-Image-2023-04-03-at-17.14.03.jpeg\" alt=\"\" width=\"500\" height=\"291\" \/><\/a><\/p>\n<p><strong><em>Do G1<\/em><\/strong><\/p>\n<p><strong>Um homem foi baleado durante uma briga, em um posto de combust\u00edveis, na Avenida Ol\u00edvia Flores, uma das principais da cidade de Vit\u00f3ria da Conquista, no sudoeste da Bahia. [Veja o momento do crime no v\u00eddeo abaixo]<\/strong><\/p>\n<p><strong>O crime aconteceu na noite de s\u00e1bado (1\u00b0). De acordo com a Pol\u00edcia Militar, o caso aconteceu ap\u00f3s uma discuss\u00e3o de tr\u00e2nsito, que aconteceu na Avenida Rosa Cruz, que fica pr\u00f3xima a Ol\u00edvia Flores. Em seguida, os dois motoristas pararam no posto de combust\u00edveis.<\/strong><\/p>\n<p><strong>Um deles, desceu do carro e deu chutes no ve\u00edculo do outro, que sacou uma arma e atirou nele. Um v\u00eddeo feito com um celular mostra o momento exato em que a v\u00edtima \u00e9 baleada.<\/strong><\/p>\n<p><strong>A v\u00edtima foi socorrida e levada para o Hospital Geral de Vit\u00f3ria da Conquista. N\u00e3o h\u00e1 detalhes sobre o estado de sa\u00fade dela.<\/strong><\/p>\n<p><strong>O suspeito fugiu ap\u00f3s o crime. Conforme a Pol\u00edcia Civil, o carro usado por ele estava no nome de uma outra pessoa, que tinha vendido o ve\u00edculo para o motorist<\/strong>a.<\/p>\n<div style=\"width: 480px;\" class=\"wp-video\"><!--[if lt IE 9]><script>document.createElement('video');<\/script><![endif]-->\n<video class=\"wp-video-shortcode\" id=\"video-108908-1\" width=\"480\" height=\"848\" preload=\"metadata\" controls=\"controls\"><source type=\"video\/mp4\" src=\"https:\/\/www.sudoestehoje.com.br\/novoportal\/wp-content\/uploads\/2023\/04\/WhatsApp-Video-2023-04-03-at-15.37.30.mp4?_=1\" \/><a href=\"https:\/\/www.sudoestehoje.com.br\/novoportal\/wp-content\/uploads\/2023\/04\/WhatsApp-Video-2023-04-03-at-15.37.30.mp4\">https:\/\/www.sudoestehoje.com.br\/novoportal\/wp-content\/uploads\/2023\/04\/WhatsApp-Video-2023-04-03-at-15.37.30.mp4<\/a><\/video><\/div>\n","protected":false},"excerpt":{"rendered":"<p>Do G1 Um homem foi baleado durante uma briga, em um posto de combust\u00edveis, na Avenida Ol\u00edvia Flores, uma das principais da cidade de Vit\u00f3ria da Conquista, no sudoeste da Bahia. [Veja o momento do crime no v\u00eddeo abaixo] O crime aconteceu na noite de s\u00e1bado (1\u00b0). De acordo com a Pol\u00edcia Militar, o caso [&hellip;]<\/p>\n","protected":false},"author":2,"featured_media":108915,"comment_status":"closed","ping_status":"open","sticky":false,"template":"","format":"standard","meta":{"footnotes":"","_links_to":"","_links_to_target":""},"categories":[1],"tags":[],"class_list":["post-108908","post","type-post","status-publish","format-standard","has-post-thumbnail","hentry","category-geral"],"views":3271,"_links":{"self":[{"href":"https:\/\/www.sudoestehoje.com.br\/novoportal\/wp-json\/wp\/v2\/posts\/108908","targetHints":{"allow":["GET"]}}],"collection":[{"href":"https:\/\/www.sudoestehoje.com.br\/novoportal\/wp-json\/wp\/v2\/posts"}],"about":[{"href":"https:\/\/www.sudoestehoje.com.br\/novoportal\/wp-json\/wp\/v2\/types\/post"}],"author":[{"embeddable":true,"href":"https:\/\/www.sudoestehoje.com.br\/novoportal\/wp-json\/wp\/v2\/users\/2"}],"replies":[{"embeddable":true,"href":"https:\/\/www.sudoestehoje.com.br\/novoportal\/wp-json\/wp\/v2\/comments?post=108908"}],"version-history":[{"count":6,"href":"https:\/\/www.sudoestehoje.com.br\/novoportal\/wp-json\/wp\/v2\/posts\/108908\/revisions"}],"predecessor-version":[{"id":108958,"href":"https:\/\/www.sudoestehoje.com.br\/novoportal\/wp-json\/wp\/v2\/posts\/108908\/revisions\/108958"}],"wp:featuredmedia":[{"embeddable":true,"href":"https:\/\/www.sudoestehoje.com.br\/novoportal\/wp-json\/wp\/v2\/media\/108915"}],"wp:attachment":[{"href":"https:\/\/www.sudoestehoje.com.br\/novoportal\/wp-json\/wp\/v2\/media?parent=108908"}],"wp:term":[{"taxonomy":"category","embeddable":true,"href":"https:\/\/www.sudoestehoje.com.br\/novoportal\/wp-json\/wp\/v2\/categories?post=108908"},{"taxonomy":"post_tag","embeddable":true,"href":"https:\/\/www.sudoestehoje.com.br\/novoportal\/wp-json\/wp\/v2\/tags?post=108908"}],"curies":[{"name":"wp","href":"https:\/\/api.w.org\/{rel}","templated":true}]}}