
{"id":10890,"date":"2011-12-01T16:48:36","date_gmt":"2011-12-01T19:48:36","guid":{"rendered":"http:\/\/www.sudoestehoje.com.br\/novoportal\/?p=10890"},"modified":"2011-12-01T16:50:57","modified_gmt":"2011-12-01T19:50:57","slug":"upa-24h-mais-um-elefante-branco","status":"publish","type":"post","link":"https:\/\/www.sudoestehoje.com.br\/novoportal\/2011\/12\/01\/upa-24h-mais-um-elefante-branco\/","title":{"rendered":"UPA 24H: MAIS UM ELEFANTE BRANCO?"},"content":{"rendered":"<div id=\"attachment_10892\" style=\"width: 510px\" class=\"wp-caption aligncenter\"><a href=\"http:\/\/www.sudoestehoje.com.br\/novoportal\/wp-content\/uploads\/2011\/12\/100_6807.jpg\"><img loading=\"lazy\" decoding=\"async\" aria-describedby=\"caption-attachment-10892\" class=\"size-medium wp-image-10892\" title=\"100_6807\" src=\"http:\/\/www.sudoestehoje.com.br\/novoportal\/wp-content\/uploads\/2011\/12\/100_6807-500x375.jpg\" alt=\"\" width=\"500\" height=\"375\" srcset=\"https:\/\/www.sudoestehoje.com.br\/novoportal\/wp-content\/uploads\/2011\/12\/100_6807-500x375.jpg 500w, https:\/\/www.sudoestehoje.com.br\/novoportal\/wp-content\/uploads\/2011\/12\/100_6807-1024x768.jpg 1024w\" sizes=\"auto, (max-width: 500px) 100vw, 500px\" \/><\/a><p id=\"caption-attachment-10892\" class=\"wp-caption-text\">A UPA 24H ficou pronta h\u00e1 mais de tr\u00eas meses, mas o munic\u00edpio n\u00e3o tem dinheiro para equip\u00e1-la e contratar profissionais das \u00e1reas m\u00e9dica e administrativa. Um verdadeiro &#39;presente de grego&#39; do Governo Federal. Foto SUDOESTE HOJE <\/p><\/div>\n<p>ITAPETINGA: Anunciada aos quatro ventos como como a maior realiza\u00e7\u00e3o do prefeito, no campo da sa\u00fade, a <em>UPA 24 Horas<\/em>, que \u00e9 uma obra do Governo Federal, ficou pronta h\u00e1 mais de 3 meses, mas continua fechada. Para entrar em pleno funcionamento e receber os repasses do Minist\u00e9rio da Sa\u00fade, \u00e9 preciso que o munic\u00edpio adquira todos os equipamentos hospitalares, contrate m\u00e9dicos, enfermeiros e pessoal administrativo, indispens\u00e1veis \u00e0s atividades de urg\u00eancia e emerg\u00eancia m\u00e9dicas que l\u00e1 ser\u00e3o desenvolvidos, dias e noite.<\/p>\n<p>\u00c9 justamente neste aspecto a grande dificuldade encontrada pelo munic\u00edpio. Para equipar a Unidade de Pronto Atendimento, os custam giram em torno de <em><strong>um milh\u00e3o de reais<\/strong><\/em>, import\u00e2ncia que o munic\u00edpio n\u00e3o disp\u00f5e, nem efetuou a necess\u00e1ria previs\u00e3o or\u00e7ament\u00e1ria para o atual exerc\u00edcio.<\/p>\n<p>Pelo porte da UPA de Itapetinga, ser\u00e3o necess\u00e1rios dois m\u00e9dicos em regime de plant\u00e3o de 24 horas, diariamente, o que torna obrigat\u00e1rio a contrata\u00e7\u00e3o de 14 m\u00e9dicos plantonistas, para cobrir uma semana de trabalho, isto sem falar na enorme quantidade de auxiliares, todos em regime de plant\u00e3o.<\/p>\n<p>A constru\u00e7\u00e3o e instala\u00e7\u00e3o da UPA \u00e9, sem sobra de d\u00favidas, uma extraordin\u00e1ria conquista na \u00e1rea de sa\u00fade para o nosso munic\u00edpio, caso ela venha a funcionar plenamente, o que \u00e9 pouco prov\u00e1vel se levarmos em considera\u00e7\u00e3o o lament\u00e1vel desempenho do governo municipal na gest\u00e3o de projetos de menor complexidade, como os pequenos PSFs, que vivem praticamente fechados, sem m\u00e9dicos, enfermeiros e medicamentos, para atender \u00e0 popula\u00e7\u00e3o pobre dos bairros perif\u00e9ricos.<\/p>\n<p>Outro aspecto em desfavor da gest\u00e3o da sa\u00fade p\u00fablica no munic\u00edpio, \u00e9 a sua enorme incapacidade em contratar bons profissionais na \u00e1rea m\u00e9dica, que relutam em vir para Itapetinga, com receio de n\u00e3o receberem seus sal\u00e1rios em dia, como vem acontecendo com o anestesista do HCR, &#8216;disponibilizado&#8217; pela prefeitura, que volta e meia amea\u00e7a rescindir o seu contrato com o munic\u00edpio, devido aos constantes atrasos nos seus vencimentos.<\/p>\n<p>A UPA est\u00e1 prontinha, bonita, mas corre o risco de n\u00e3o vir a funcionar plenamente, por falta de gestores capacitados e recursos para equip\u00e1-la. Que ela ser\u00e1 &#8216;inaugurada&#8217; com muita propaganda e foguet\u00f3rio, ningu\u00e9m tem a menor d\u00favida, mas o seu funcionamento, com certeza, ser\u00e1 do tipo <em>meia boca<\/em>, marca registrada da atual administra\u00e7\u00e3o.<\/p>\n<p>N\u00e3o foi \u00e0 toa que in\u00fameros munic\u00edpios de maior porte que Itapetinga n\u00e3o aceitaram este verdadeiro<em> &#8216;presente de grego&#8217;<\/em> do Governo Federal.<\/p>\n<p><em><strong>Por DAVI FERRAZ<\/strong><\/em><\/p>\n<p><em><br \/>\n<\/em><\/p>\n","protected":false},"excerpt":{"rendered":"<p>aso a UPA<\/p>\n","protected":false},"author":2,"featured_media":0,"comment_status":"open","ping_status":"open","sticky":false,"template":"","format":"standard","meta":{"footnotes":"","_links_to":"","_links_to_target":""},"categories":[1],"tags":[],"class_list":["post-10890","post","type-post","status-publish","format-standard","hentry","category-geral"],"views":1386,"_links":{"self":[{"href":"https:\/\/www.sudoestehoje.com.br\/novoportal\/wp-json\/wp\/v2\/posts\/10890","targetHints":{"allow":["GET"]}}],"collection":[{"href":"https:\/\/www.sudoestehoje.com.br\/novoportal\/wp-json\/wp\/v2\/posts"}],"about":[{"href":"https:\/\/www.sudoestehoje.com.br\/novoportal\/wp-json\/wp\/v2\/types\/post"}],"author":[{"embeddable":true,"href":"https:\/\/www.sudoestehoje.com.br\/novoportal\/wp-json\/wp\/v2\/users\/2"}],"replies":[{"embeddable":true,"href":"https:\/\/www.sudoestehoje.com.br\/novoportal\/wp-json\/wp\/v2\/comments?post=10890"}],"version-history":[{"count":4,"href":"https:\/\/www.sudoestehoje.com.br\/novoportal\/wp-json\/wp\/v2\/posts\/10890\/revisions"}],"predecessor-version":[{"id":10894,"href":"https:\/\/www.sudoestehoje.com.br\/novoportal\/wp-json\/wp\/v2\/posts\/10890\/revisions\/10894"}],"wp:attachment":[{"href":"https:\/\/www.sudoestehoje.com.br\/novoportal\/wp-json\/wp\/v2\/media?parent=10890"}],"wp:term":[{"taxonomy":"category","embeddable":true,"href":"https:\/\/www.sudoestehoje.com.br\/novoportal\/wp-json\/wp\/v2\/categories?post=10890"},{"taxonomy":"post_tag","embeddable":true,"href":"https:\/\/www.sudoestehoje.com.br\/novoportal\/wp-json\/wp\/v2\/tags?post=10890"}],"curies":[{"name":"wp","href":"https:\/\/api.w.org\/{rel}","templated":true}]}}