
{"id":108886,"date":"2023-04-03T09:09:30","date_gmt":"2023-04-03T12:09:30","guid":{"rendered":"https:\/\/www.sudoestehoje.com.br\/novoportal\/?p=108886"},"modified":"2023-04-04T08:28:59","modified_gmt":"2023-04-04T11:28:59","slug":"desembargadora-do-tj-suspende-prisao-de-vereador-de-ilheus-acusado-de-falsidade-ideologica","status":"publish","type":"post","link":"https:\/\/www.sudoestehoje.com.br\/novoportal\/2023\/04\/03\/desembargadora-do-tj-suspende-prisao-de-vereador-de-ilheus-acusado-de-falsidade-ideologica\/","title":{"rendered":"DESEMBARGADORA DO TJ SUSPENDE PRIS\u00c3O DE VEREADOR DE ILH\u00c9US ACUSADO DE FALSIDADE IDEOL\u00d3GICA"},"content":{"rendered":"<p><a href=\"https:\/\/www.sudoestehoje.com.br\/novoportal\/wp-content\/uploads\/2023\/04\/vereador-abraao.jpg\"><img loading=\"lazy\" decoding=\"async\" class=\"aligncenter size-full wp-image-108888\" src=\"https:\/\/www.sudoestehoje.com.br\/novoportal\/wp-content\/uploads\/2023\/04\/vereador-abraao.jpg\" alt=\"\" width=\"483\" height=\"271\" \/><\/a><\/p>\n<p><strong>O vereador de Ilh\u00e9us, Abra\u00e3o (PDT) teve a pris\u00e3o suspensa, neste domingo (2), ap\u00f3s decis\u00e3o da desembargadora Aracy Lima Borges. No \u00faltimo s\u00e1bado (1), o juiz da fazenda p\u00fablica de Ilh\u00e9us, Alex Ven\u00edcius comunicou as autoridades policiais que Abra\u00e3o se encontra em flagrante e se encontrado teria que ser preso.<\/strong><\/p>\n<p><strong>Ele \u00e9 acusado do crime de falsidade ideol\u00f3gica em documento p\u00fablico, ap\u00f3s inspe\u00e7\u00e3o judicial que constatou uma dedetiza\u00e7\u00e3o irregular no pr\u00e9dio da Casa Legislativa.<\/strong><\/p>\n<p><strong>A desembargadora entendeu que n\u00e3o seria mais caso de pris\u00e3o em flagrante e suspendeu o despacho. \u201cDiante disso, tratando-se de crime instant\u00e2neo e considerando que o documento produzido pelo paciente no qual incide suspeitas de poss\u00edvel fraude foi publicado desde o dia 31 de mar\u00e7o de 2023, n\u00e3o \u00e9 mais poss\u00edvel falar em estado de flagr\u00e2ncia de delito, sem preju\u00edzo de ulterior apura\u00e7\u00e3o dos fatos e de ado\u00e7\u00e3o das provid\u00eancias cab\u00edveis\u201d, disse.<\/strong><\/p>\n","protected":false},"excerpt":{"rendered":"<p>O vereador de Ilh\u00e9us, Abra\u00e3o (PDT) teve a pris\u00e3o suspensa, neste domingo (2), ap\u00f3s decis\u00e3o da desembargadora Aracy Lima Borges. No \u00faltimo s\u00e1bado (1), o juiz da fazenda p\u00fablica de Ilh\u00e9us, Alex Ven\u00edcius comunicou as autoridades policiais que Abra\u00e3o se encontra em flagrante e se encontrado teria que ser preso. Ele \u00e9 acusado do crime [&hellip;]<\/p>\n","protected":false},"author":2,"featured_media":108888,"comment_status":"closed","ping_status":"open","sticky":false,"template":"","format":"standard","meta":{"footnotes":"","_links_to":"","_links_to_target":""},"categories":[1],"tags":[],"class_list":["post-108886","post","type-post","status-publish","format-standard","has-post-thumbnail","hentry","category-geral"],"views":612,"_links":{"self":[{"href":"https:\/\/www.sudoestehoje.com.br\/novoportal\/wp-json\/wp\/v2\/posts\/108886","targetHints":{"allow":["GET"]}}],"collection":[{"href":"https:\/\/www.sudoestehoje.com.br\/novoportal\/wp-json\/wp\/v2\/posts"}],"about":[{"href":"https:\/\/www.sudoestehoje.com.br\/novoportal\/wp-json\/wp\/v2\/types\/post"}],"author":[{"embeddable":true,"href":"https:\/\/www.sudoestehoje.com.br\/novoportal\/wp-json\/wp\/v2\/users\/2"}],"replies":[{"embeddable":true,"href":"https:\/\/www.sudoestehoje.com.br\/novoportal\/wp-json\/wp\/v2\/comments?post=108886"}],"version-history":[{"count":2,"href":"https:\/\/www.sudoestehoje.com.br\/novoportal\/wp-json\/wp\/v2\/posts\/108886\/revisions"}],"predecessor-version":[{"id":108889,"href":"https:\/\/www.sudoestehoje.com.br\/novoportal\/wp-json\/wp\/v2\/posts\/108886\/revisions\/108889"}],"wp:featuredmedia":[{"embeddable":true,"href":"https:\/\/www.sudoestehoje.com.br\/novoportal\/wp-json\/wp\/v2\/media\/108888"}],"wp:attachment":[{"href":"https:\/\/www.sudoestehoje.com.br\/novoportal\/wp-json\/wp\/v2\/media?parent=108886"}],"wp:term":[{"taxonomy":"category","embeddable":true,"href":"https:\/\/www.sudoestehoje.com.br\/novoportal\/wp-json\/wp\/v2\/categories?post=108886"},{"taxonomy":"post_tag","embeddable":true,"href":"https:\/\/www.sudoestehoje.com.br\/novoportal\/wp-json\/wp\/v2\/tags?post=108886"}],"curies":[{"name":"wp","href":"https:\/\/api.w.org\/{rel}","templated":true}]}}