
{"id":108880,"date":"2023-04-03T08:44:41","date_gmt":"2023-04-03T11:44:41","guid":{"rendered":"https:\/\/www.sudoestehoje.com.br\/novoportal\/?p=108880"},"modified":"2023-04-03T08:44:41","modified_gmt":"2023-04-03T11:44:41","slug":"itapetinga-tempo-vira-com-muita-chuva-durante-a-madrugada-e-manha-desta-segunda-feira","status":"publish","type":"post","link":"https:\/\/www.sudoestehoje.com.br\/novoportal\/2023\/04\/03\/itapetinga-tempo-vira-com-muita-chuva-durante-a-madrugada-e-manha-desta-segunda-feira\/","title":{"rendered":"ITAPETINGA | TEMPO VIRA COM MUITA CHUVA DURANTE A MADRUGADA E MANH\u00c3 DESTA SEGUNDA-FEIRA"},"content":{"rendered":"<p><a href=\"https:\/\/www.sudoestehoje.com.br\/novoportal\/wp-content\/uploads\/2023\/04\/WhatsApp-Image-2023-04-03-at-08.37.54.jpeg\"><img loading=\"lazy\" decoding=\"async\" class=\"aligncenter  wp-image-108881\" src=\"https:\/\/www.sudoestehoje.com.br\/novoportal\/wp-content\/uploads\/2023\/04\/WhatsApp-Image-2023-04-03-at-08.37.54.jpeg\" alt=\"\" width=\"500\" height=\"282\" \/><\/a><\/p>\n<p><strong>Depois do temporal deste domingo \u00e0 noite, Itapetinga amanheceu com tempo chuvoso e temperatura mais amena nesta segunda-feira (3). Choveu forte durante a madrugada em Itapetinga e algumas cidades do M\u00e9dio Sudoeste.<\/strong><\/p>\n<p><strong>Equipes da prefeitura e Defesa Civil percorrem toda a cidade, desde o in\u00edcio da manh\u00e3, para avaliar poss\u00edveis estragos na infraestrutura da cidade e nos domic\u00edlios localizados em zonas de risco, principalmente naqueles mais pr\u00f3ximos \u00e0s margens do Rio Catol\u00e9.<\/strong><\/p>\n<p><strong>Neste momento a temperatura na &#8216;Capital da Pecu\u00e1ria&#8217; \u00e9 de 23\u00b0C, com previs\u00e3o de muita chuva \u00e0 tarde e \u00e0 noite.<\/strong><\/p>\n<p><strong>Chuva retardada de S\u00e3o Jos\u00e9&#8230;<\/strong><\/p>\n<p><strong>Por Davi Ferraz\u00a0<\/strong><\/p>\n","protected":false},"excerpt":{"rendered":"<p>Depois do temporal deste domingo \u00e0 noite, Itapetinga amanheceu com tempo chuvoso e temperatura mais amena nesta segunda-feira (3). Choveu forte durante a madrugada em Itapetinga e algumas cidades do M\u00e9dio Sudoeste. Equipes da prefeitura e Defesa Civil percorrem toda a cidade, desde o in\u00edcio da manh\u00e3, para avaliar poss\u00edveis estragos na infraestrutura da cidade [&hellip;]<\/p>\n","protected":false},"author":2,"featured_media":108881,"comment_status":"open","ping_status":"open","sticky":false,"template":"","format":"standard","meta":{"footnotes":"","_links_to":"","_links_to_target":""},"categories":[1],"tags":[],"class_list":["post-108880","post","type-post","status-publish","format-standard","has-post-thumbnail","hentry","category-geral"],"views":889,"_links":{"self":[{"href":"https:\/\/www.sudoestehoje.com.br\/novoportal\/wp-json\/wp\/v2\/posts\/108880","targetHints":{"allow":["GET"]}}],"collection":[{"href":"https:\/\/www.sudoestehoje.com.br\/novoportal\/wp-json\/wp\/v2\/posts"}],"about":[{"href":"https:\/\/www.sudoestehoje.com.br\/novoportal\/wp-json\/wp\/v2\/types\/post"}],"author":[{"embeddable":true,"href":"https:\/\/www.sudoestehoje.com.br\/novoportal\/wp-json\/wp\/v2\/users\/2"}],"replies":[{"embeddable":true,"href":"https:\/\/www.sudoestehoje.com.br\/novoportal\/wp-json\/wp\/v2\/comments?post=108880"}],"version-history":[{"count":4,"href":"https:\/\/www.sudoestehoje.com.br\/novoportal\/wp-json\/wp\/v2\/posts\/108880\/revisions"}],"predecessor-version":[{"id":108885,"href":"https:\/\/www.sudoestehoje.com.br\/novoportal\/wp-json\/wp\/v2\/posts\/108880\/revisions\/108885"}],"wp:featuredmedia":[{"embeddable":true,"href":"https:\/\/www.sudoestehoje.com.br\/novoportal\/wp-json\/wp\/v2\/media\/108881"}],"wp:attachment":[{"href":"https:\/\/www.sudoestehoje.com.br\/novoportal\/wp-json\/wp\/v2\/media?parent=108880"}],"wp:term":[{"taxonomy":"category","embeddable":true,"href":"https:\/\/www.sudoestehoje.com.br\/novoportal\/wp-json\/wp\/v2\/categories?post=108880"},{"taxonomy":"post_tag","embeddable":true,"href":"https:\/\/www.sudoestehoje.com.br\/novoportal\/wp-json\/wp\/v2\/tags?post=108880"}],"curies":[{"name":"wp","href":"https:\/\/api.w.org\/{rel}","templated":true}]}}